{"id":6773,"date":"2019-06-24T15:40:56","date_gmt":"2019-06-24T13:40:56","guid":{"rendered":"https:\/\/www.swissfairtrade.ch\/?p=6773"},"modified":"2019-06-25T10:20:34","modified_gmt":"2019-06-25T08:20:34","slug":"loi-pour-la-durabilite-et-la-qualite-des-achats-publics","status":"publish","type":"post","link":"https:\/\/www.swissfairtrade.ch\/fr\/loi-pour-la-durabilite-et-la-qualite-des-achats-publics\/","title":{"rendered":"Une loi pour la durabilit\u00e9 et la qualit\u00e9 des achats publics"},"content":{"rendered":"<div class=\"wpb-content-wrapper\"><p>[vc_row css=\u00a0\u00bb.vc_custom_1531834670119{margin-top: 20px !important;}\u00a0\u00bb][vc_column width=\u00a0\u00bb1\/6&Prime;][\/vc_column][vc_column width=\u00a0\u00bb2\/3&Prime; css=\u00a0\u00bb.vc_custom_1557310891367{background-position: center !important;background-repeat: no-repeat !important;background-size: cover !important;}\u00a0\u00bb][vc_column_text]<\/p>\n<div class=\"db-date\">\n<h4>20<span style=\"color: #333333;\">. Juni 2019<\/span><\/h4>\n<h1><strong>Une loi pour la durabilit\u00e9 et la qualit\u00e9 des achats publics<\/strong><\/h1>\n<p><img loading=\"lazy\" decoding=\"async\" class=\"aligncenter wp-image-6761\" src=\"https:\/\/www.swissfairtrade.ch\/wp-content\/uploads\/adult-braided-hair-cell-phone-209719-1024x685.jpg\" alt=\"\" width=\"601\" height=\"402\" srcset=\"https:\/\/www.swissfairtrade.ch\/wp-content\/uploads\/adult-braided-hair-cell-phone-209719-1024x685.jpg 1024w, https:\/\/www.swissfairtrade.ch\/wp-content\/uploads\/adult-braided-hair-cell-phone-209719-418x280.jpg 418w, https:\/\/www.swissfairtrade.ch\/wp-content\/uploads\/adult-braided-hair-cell-phone-209719-768x514.jpg 768w\" sizes=\"auto, (max-width: 601px) 100vw, 601px\" \/><\/p>\n<p><strong>La nouvelle loi f\u00e9d\u00e9rale sur les march\u00e9s publics (LMP), adopt\u00e9e aujourd\u2019hui au Parlement, offre une plus grande marge de man\u0153uvre pour des achats publics socialement et \u00e9cologiquement responsables. Les principes de durabilit\u00e9 et de qualit\u00e9 se sont finalement impos\u00e9s, au terme d\u2019un processus de r\u00e9vision qui a dur\u00e9 dix ans. Le travail de longue haleine de la \u00ab\u00a0coalition d\u2019ONG pour les achats publics\u00a0\u00bb a contribu\u00e9 \u00e0 ce changement de paradigme. L\u2019ombre au tableau r\u00e9side toutefois dans le fait que d\u00e9sormais, des niveaux de prix diff\u00e9rents dans les pays de production sont pris en compte. <\/strong><\/p>\n<p>L\u2019article 2 de la loi f\u00e9d\u00e9rale sur les march\u00e9s publics (LMP) r\u00e9vis\u00e9e pr\u00e9cise que la nouvelle loi ne s\u2019oriente plus uniquement vers la rentabilit\u00e9, mais d\u00e9sormais \u00e9galement en fonction de crit\u00e8res de durabilit\u00e9 sociale, \u00e9cologique et \u00e9conomique. La nouvelle loi met l\u2019accent sur une concurrence ax\u00e9e sur la qualit\u00e9 et exige que l\u2019adjudication ne soit plus d\u00e9finie \u00e0 l\u2019avenir en fonction de l\u2019offre \u00ab\u00a0la moins ch\u00e8re\u00a0\u00bb mais de l\u2019offre \u00ab\u00a0la plus avantageuse\u00a0\u00bb. Cette d\u00e9cision souligne le large consensus en faveur des crit\u00e8res de durabilit\u00e9. La loi r\u00e9vis\u00e9e contient \u00e9galement un nouvel article progressiste, aussi sur le plan international\u00a0: l\u2019article 12 pr\u00e9voit qu\u2019en cas de production \u00e0 l\u2019\u00e9tranger, d\u2019autres standards de travail internationaux importants peuvent \u00eatre revendiqu\u00e9s, que des preuves du respect de ses normes peuvent \u00eatre exig\u00e9es et que des contr\u00f4les peuvent \u00eatre effectu\u00e9es. Ainsi, la r\u00e9vision de la loi introduit enfin la s\u00e9curit\u00e9 juridique n\u00e9cessaire pour permettre des achats publics socialement durables \u00e0 l\u2019avenir.<\/p>\n<p><strong>Un manque de coh\u00e9rence<\/strong><\/p>\n<p>L\u2019insertion par le Parlement d\u2019un crit\u00e8re d\u2019attribution selon lequel les niveaux de prix diff\u00e9rents dans les pays de production sont pris en consid\u00e9ration est en contradiction avec l\u2019exigence de durabilit\u00e9 introduite dans l\u2019article 2. En effet, cette d\u00e9cision implique que les offres venant de l\u2019\u00e9tranger n\u2019auront une chance d\u2019\u00eatre retenues qu\u2019\u00e0 condition que les fournisseurs continuent de faire pression sur les prix, et renoncent de ce fait aux efforts n\u00e9cessaires \u00e0 une d\u00e9marche plus durable, par exemple en ce qui concerne le respect des droits humains et des droits du travail. Dans l\u2019approvisionnement de biens de consommation dont la production se caract\u00e9rise par leur forte intensit\u00e9 de main-d&rsquo;\u0153uvre (comme par exemple les textiles) et qui se situent bien souvent en dessous du seuil critique, accentuer la concurrence ax\u00e9e sur les prix est extr\u00eamement pr\u00e9judiciable.<\/p>\n<p><strong>Une marge de man\u0153uvre qu\u2019il faut exploiter<\/strong><\/p>\n<p>Dans son ensemble, la r\u00e9vision de la loi instaure toutefois une plus grande marge de man\u0153uvre pour des achats publics respectueux des crit\u00e8res sociaux et \u00e9cologiques. Cette opportunit\u00e9 doit \u00eatre saisie de mani\u00e8re cons\u00e9quente, tant dans le cadre de l\u2019\u00e9laboration de l\u2019ordonnance, des lois cantonales et communales, et de lignes directrices en mati\u00e8re d\u2019achats publics que dans les pratiques d\u2019approvisionnement concr\u00e8tes de la Conf\u00e9d\u00e9ration, des cantons et des communes.<\/p>\n<p><strong>Contexte<\/strong><\/p>\n<p>La Suisse d\u00e9pense 40 milliards de francs suisses en achats publics chaque ann\u00e9e. Certains de ces biens sont produits \u00e0 l\u2019\u00e9tranger\u00a0: des textiles pour l\u2019arm\u00e9e, la police ou le personnel hospitalier, du mat\u00e9riel informatique pour l\u2019administration, des pierres pour les rues ou encore des aliments pour les restaurants du personnel de l\u2019\u00c9tat. Dans les chaines d\u2019approvisionnement de ces biens, les violations de droits humains ou des droits du travail sont r\u00e9currentes. Les pouvoirs publics, en tant qu\u2019acheteur important, ont le devoir de prendre leurs d\u00e9cisions d\u2019achats de mani\u00e8re responsable. Pain pour le prochain, Helvetas, Action de Car\u00eame, la Fondation Max Havelaar (Suisse), Public Eye (anc. D\u00e9claration de Berne), Solidar Suisse et Swiss Fair Trade se sont engag\u00e9es durant plus de dix ans au sein de la \u00ab\u00a0coalition d\u2019ONG pour les achats publics\u00a0\u00bb afin d\u2019ancrer dans la nouvelle loi f\u00e9d\u00e9rale sur les march\u00e9s publiques des crit\u00e8res sociaux et \u00e9cologiques contraignants.<\/p>\n<\/div>\n<p><a href=\"https:\/\/www.swissfairtrade.ch\/fr\/champs-d-actions\/defense-dinterets\/une-loi-pour-la-durabilite-et-la-qualite-des-achats-publics\/nouvelle-loi-marches-publics\/\">Les changements en d\u00e9tail.<\/a>[\/vc_column_text][\/vc_column][vc_column width=\u00a0\u00bb1\/6&Prime;][\/vc_column][\/vc_row][vc_row][vc_column][vc_empty_space height=\u00a0\u00bb50px\u00a0\u00bb][vc_separator][vc_column_text]<\/p>\n<h3>Autres Nouveaut\u00e9s<\/h3>\n<p>[\/vc_column_text][vc_basic_grid post_type=\u00a0\u00bbpost\u00a0\u00bb max_items=\u00a0\u00bb9&Prime; gap=\u00a0\u00bb10&Prime; item=\u00a0\u00bb5042&Prime; grid_id=\u00a0\u00bbvc_gid:1561450707160-deda398e-08eb-6&Prime; taxonomies=\u00a0\u00bb23&Prime;][\/vc_column][\/vc_row]<\/p>\n<\/div>","protected":false},"excerpt":{"rendered":"<p>La nouvelle loi f\u00e9d\u00e9rale sur les march\u00e9s publics, adopt\u00e9e aujourd\u2019hui au Parlement, offre une plus grande marge de man\u0153uvre pour des achats publics socialement et \u00e9cologiquement responsables. <\/p>\n","protected":false},"author":3,"featured_media":6761,"comment_status":"closed","ping_status":"closed","sticky":false,"template":"","format":"standard","meta":{"generate_page_header":"","footnotes":"","_links_to":"","_links_to_target":""},"categories":[251],"tags":[],"class_list":["post-6773","post","type-post","status-publish","format-standard","has-post-thumbnail","hentry","category-archive"],"yoast_head":"<!-- This site is optimized with the Yoast SEO plugin v26.2 - https:\/\/yoast.com\/wordpress\/plugins\/seo\/ -->\n<title>Une loi pour la durabilit\u00e9 et la qualit\u00e9 des achats publics - Swiss Fair Trade<\/title>\n<meta name=\"robots\" content=\"index, follow, max-snippet:-1, max-image-preview:large, max-video-preview:-1\" \/>\n<link rel=\"canonical\" href=\"https:\/\/www.swissfairtrade.ch\/fr\/loi-pour-la-durabilite-et-la-qualite-des-achats-publics\/\" \/>\n<meta property=\"og:locale\" content=\"fr_FR\" \/>\n<meta property=\"og:type\" content=\"article\" \/>\n<meta property=\"og:title\" content=\"Une loi pour la durabilit\u00e9 et la qualit\u00e9 des achats publics - Swiss Fair Trade\" \/>\n<meta property=\"og:description\" content=\"La nouvelle loi f\u00e9d\u00e9rale sur les march\u00e9s publics, adopt\u00e9e aujourd\u2019hui au Parlement, offre une plus grande marge de man\u0153uvre pour des achats publics socialement et \u00e9cologiquement responsables.\" \/>\n<meta property=\"og:url\" content=\"https:\/\/www.swissfairtrade.ch\/fr\/loi-pour-la-durabilite-et-la-qualite-des-achats-publics\/\" \/>\n<meta property=\"og:site_name\" content=\"Swiss Fair Trade\" \/>\n<meta property=\"article:published_time\" content=\"2019-06-24T13:40:56+00:00\" \/>\n<meta property=\"article:modified_time\" content=\"2019-06-25T08:20:34+00:00\" \/>\n<meta property=\"og:image\" content=\"https:\/\/www.swissfairtrade.ch\/wp-content\/uploads\/adult-braided-hair-cell-phone-209719-1024x685.jpg\" \/>\n\t<meta property=\"og:image:width\" content=\"1024\" \/>\n\t<meta property=\"og:image:height\" content=\"685\" \/>\n\t<meta property=\"og:image:type\" content=\"image\/jpeg\" \/>\n<meta name=\"author\" content=\"Swiss Fair Trade Admin\" \/>\n<meta name=\"twitter:card\" content=\"summary_large_image\" \/>\n<meta name=\"twitter:label1\" content=\"\u00c9crit par\" \/>\n\t<meta name=\"twitter:data1\" content=\"Swiss Fair Trade Admin\" \/>\n\t<meta name=\"twitter:label2\" content=\"Dur\u00e9e de lecture estim\u00e9e\" \/>\n\t<meta name=\"twitter:data2\" content=\"4 minutes\" \/>\n<script type=\"application\/ld+json\" class=\"yoast-schema-graph\">{\"@context\":\"https:\/\/schema.org\",\"@graph\":[{\"@type\":\"Article\",\"@id\":\"https:\/\/www.swissfairtrade.ch\/fr\/loi-pour-la-durabilite-et-la-qualite-des-achats-publics\/#article\",\"isPartOf\":{\"@id\":\"https:\/\/www.swissfairtrade.ch\/fr\/loi-pour-la-durabilite-et-la-qualite-des-achats-publics\/\"},\"author\":{\"name\":\"Swiss Fair Trade Admin\",\"@id\":\"https:\/\/www.swissfairtrade.ch\/it\/#\/schema\/person\/dc7912173b5d36be4048d6a648a7ed9d\"},\"headline\":\"Une loi pour la durabilit\u00e9 et la qualit\u00e9 des achats publics\",\"datePublished\":\"2019-06-24T13:40:56+00:00\",\"dateModified\":\"2019-06-25T08:20:34+00:00\",\"mainEntityOfPage\":{\"@id\":\"https:\/\/www.swissfairtrade.ch\/fr\/loi-pour-la-durabilite-et-la-qualite-des-achats-publics\/\"},\"wordCount\":824,\"publisher\":{\"@id\":\"https:\/\/www.swissfairtrade.ch\/it\/#organization\"},\"image\":{\"@id\":\"https:\/\/www.swissfairtrade.ch\/fr\/loi-pour-la-durabilite-et-la-qualite-des-achats-publics\/#primaryimage\"},\"thumbnailUrl\":\"https:\/\/www.swissfairtrade.ch\/wp-content\/uploads\/adult-braided-hair-cell-phone-209719.jpg\",\"articleSection\":[\"Archive\"],\"inLanguage\":\"fr-FR\"},{\"@type\":\"WebPage\",\"@id\":\"https:\/\/www.swissfairtrade.ch\/fr\/loi-pour-la-durabilite-et-la-qualite-des-achats-publics\/\",\"url\":\"https:\/\/www.swissfairtrade.ch\/fr\/loi-pour-la-durabilite-et-la-qualite-des-achats-publics\/\",\"name\":\"Une loi pour la durabilit\u00e9 et la qualit\u00e9 des achats publics - Swiss Fair Trade\",\"isPartOf\":{\"@id\":\"https:\/\/www.swissfairtrade.ch\/it\/#website\"},\"primaryImageOfPage\":{\"@id\":\"https:\/\/www.swissfairtrade.ch\/fr\/loi-pour-la-durabilite-et-la-qualite-des-achats-publics\/#primaryimage\"},\"image\":{\"@id\":\"https:\/\/www.swissfairtrade.ch\/fr\/loi-pour-la-durabilite-et-la-qualite-des-achats-publics\/#primaryimage\"},\"thumbnailUrl\":\"https:\/\/www.swissfairtrade.ch\/wp-content\/uploads\/adult-braided-hair-cell-phone-209719.jpg\",\"datePublished\":\"2019-06-24T13:40:56+00:00\",\"dateModified\":\"2019-06-25T08:20:34+00:00\",\"breadcrumb\":{\"@id\":\"https:\/\/www.swissfairtrade.ch\/fr\/loi-pour-la-durabilite-et-la-qualite-des-achats-publics\/#breadcrumb\"},\"inLanguage\":\"fr-FR\",\"potentialAction\":[{\"@type\":\"ReadAction\",\"target\":[\"https:\/\/www.swissfairtrade.ch\/fr\/loi-pour-la-durabilite-et-la-qualite-des-achats-publics\/\"]}]},{\"@type\":\"ImageObject\",\"inLanguage\":\"fr-FR\",\"@id\":\"https:\/\/www.swissfairtrade.ch\/fr\/loi-pour-la-durabilite-et-la-qualite-des-achats-publics\/#primaryimage\",\"url\":\"https:\/\/www.swissfairtrade.ch\/wp-content\/uploads\/adult-braided-hair-cell-phone-209719.jpg\",\"contentUrl\":\"https:\/\/www.swissfairtrade.ch\/wp-content\/uploads\/adult-braided-hair-cell-phone-209719.jpg\",\"width\":3872,\"height\":2592},{\"@type\":\"BreadcrumbList\",\"@id\":\"https:\/\/www.swissfairtrade.ch\/fr\/loi-pour-la-durabilite-et-la-qualite-des-achats-publics\/#breadcrumb\",\"itemListElement\":[{\"@type\":\"ListItem\",\"position\":1,\"name\":\"Home\",\"item\":\"https:\/\/www.swissfairtrade.ch\/fr\/\"},{\"@type\":\"ListItem\",\"position\":2,\"name\":\"Une loi pour la durabilit\u00e9 et la qualit\u00e9 des achats publics\"}]},{\"@type\":\"WebSite\",\"@id\":\"https:\/\/www.swissfairtrade.ch\/it\/#website\",\"url\":\"https:\/\/www.swissfairtrade.ch\/it\/\",\"name\":\"Swiss Fair Trade\",\"description\":\"\",\"publisher\":{\"@id\":\"https:\/\/www.swissfairtrade.ch\/it\/#organization\"},\"potentialAction\":[{\"@type\":\"SearchAction\",\"target\":{\"@type\":\"EntryPoint\",\"urlTemplate\":\"https:\/\/www.swissfairtrade.ch\/it\/?s={search_term_string}\"},\"query-input\":{\"@type\":\"PropertyValueSpecification\",\"valueRequired\":true,\"valueName\":\"search_term_string\"}}],\"inLanguage\":\"fr-FR\"},{\"@type\":\"Organization\",\"@id\":\"https:\/\/www.swissfairtrade.ch\/it\/#organization\",\"name\":\"Swiss Fair Trade\",\"url\":\"https:\/\/www.swissfairtrade.ch\/it\/\",\"logo\":{\"@type\":\"ImageObject\",\"inLanguage\":\"fr-FR\",\"@id\":\"https:\/\/www.swissfairtrade.ch\/it\/#\/schema\/logo\/image\/\",\"url\":\"https:\/\/www.swissfairtrade.ch\/wp-content\/uploads\/SwissFairTrade-Logo-rgb-203.51.59-web.png\",\"contentUrl\":\"https:\/\/www.swissfairtrade.ch\/wp-content\/uploads\/SwissFairTrade-Logo-rgb-203.51.59-web.png\",\"width\":130,\"height\":115,\"caption\":\"Swiss Fair Trade\"},\"image\":{\"@id\":\"https:\/\/www.swissfairtrade.ch\/it\/#\/schema\/logo\/image\/\"}},{\"@type\":\"Person\",\"@id\":\"https:\/\/www.swissfairtrade.ch\/it\/#\/schema\/person\/dc7912173b5d36be4048d6a648a7ed9d\",\"name\":\"Swiss Fair Trade Admin\",\"image\":{\"@type\":\"ImageObject\",\"inLanguage\":\"fr-FR\",\"@id\":\"https:\/\/www.swissfairtrade.ch\/it\/#\/schema\/person\/image\/\",\"url\":\"https:\/\/secure.gravatar.com\/avatar\/21706817544124caa9f21ba8a9e2bc5eb34f8e2af2ab8d077048ab89384e7c8a?s=96&d=mm&r=g\",\"contentUrl\":\"https:\/\/secure.gravatar.com\/avatar\/21706817544124caa9f21ba8a9e2bc5eb34f8e2af2ab8d077048ab89384e7c8a?s=96&d=mm&r=g\",\"caption\":\"Swiss Fair Trade Admin\"}}]}<\/script>\n<!-- \/ Yoast SEO plugin. -->","yoast_head_json":{"title":"Une loi pour la durabilit\u00e9 et la qualit\u00e9 des achats publics - Swiss Fair Trade","robots":{"index":"index","follow":"follow","max-snippet":"max-snippet:-1","max-image-preview":"max-image-preview:large","max-video-preview":"max-video-preview:-1"},"canonical":"https:\/\/www.swissfairtrade.ch\/fr\/loi-pour-la-durabilite-et-la-qualite-des-achats-publics\/","og_locale":"fr_FR","og_type":"article","og_title":"Une loi pour la durabilit\u00e9 et la qualit\u00e9 des achats publics - Swiss Fair Trade","og_description":"La nouvelle loi f\u00e9d\u00e9rale sur les march\u00e9s publics, adopt\u00e9e aujourd\u2019hui au Parlement, offre une plus grande marge de man\u0153uvre pour des achats publics socialement et \u00e9cologiquement responsables.","og_url":"https:\/\/www.swissfairtrade.ch\/fr\/loi-pour-la-durabilite-et-la-qualite-des-achats-publics\/","og_site_name":"Swiss Fair Trade","article_published_time":"2019-06-24T13:40:56+00:00","article_modified_time":"2019-06-25T08:20:34+00:00","og_image":[{"width":1024,"height":685,"url":"https:\/\/www.swissfairtrade.ch\/wp-content\/uploads\/adult-braided-hair-cell-phone-209719-1024x685.jpg","type":"image\/jpeg"}],"author":"Swiss Fair Trade Admin","twitter_card":"summary_large_image","twitter_misc":{"\u00c9crit par":"Swiss Fair Trade Admin","Dur\u00e9e de lecture estim\u00e9e":"4 minutes"},"schema":{"@context":"https:\/\/schema.org","@graph":[{"@type":"Article","@id":"https:\/\/www.swissfairtrade.ch\/fr\/loi-pour-la-durabilite-et-la-qualite-des-achats-publics\/#article","isPartOf":{"@id":"https:\/\/www.swissfairtrade.ch\/fr\/loi-pour-la-durabilite-et-la-qualite-des-achats-publics\/"},"author":{"name":"Swiss Fair Trade Admin","@id":"https:\/\/www.swissfairtrade.ch\/it\/#\/schema\/person\/dc7912173b5d36be4048d6a648a7ed9d"},"headline":"Une loi pour la durabilit\u00e9 et la qualit\u00e9 des achats publics","datePublished":"2019-06-24T13:40:56+00:00","dateModified":"2019-06-25T08:20:34+00:00","mainEntityOfPage":{"@id":"https:\/\/www.swissfairtrade.ch\/fr\/loi-pour-la-durabilite-et-la-qualite-des-achats-publics\/"},"wordCount":824,"publisher":{"@id":"https:\/\/www.swissfairtrade.ch\/it\/#organization"},"image":{"@id":"https:\/\/www.swissfairtrade.ch\/fr\/loi-pour-la-durabilite-et-la-qualite-des-achats-publics\/#primaryimage"},"thumbnailUrl":"https:\/\/www.swissfairtrade.ch\/wp-content\/uploads\/adult-braided-hair-cell-phone-209719.jpg","articleSection":["Archive"],"inLanguage":"fr-FR"},{"@type":"WebPage","@id":"https:\/\/www.swissfairtrade.ch\/fr\/loi-pour-la-durabilite-et-la-qualite-des-achats-publics\/","url":"https:\/\/www.swissfairtrade.ch\/fr\/loi-pour-la-durabilite-et-la-qualite-des-achats-publics\/","name":"Une loi pour la durabilit\u00e9 et la qualit\u00e9 des achats publics - Swiss Fair Trade","isPartOf":{"@id":"https:\/\/www.swissfairtrade.ch\/it\/#website"},"primaryImageOfPage":{"@id":"https:\/\/www.swissfairtrade.ch\/fr\/loi-pour-la-durabilite-et-la-qualite-des-achats-publics\/#primaryimage"},"image":{"@id":"https:\/\/www.swissfairtrade.ch\/fr\/loi-pour-la-durabilite-et-la-qualite-des-achats-publics\/#primaryimage"},"thumbnailUrl":"https:\/\/www.swissfairtrade.ch\/wp-content\/uploads\/adult-braided-hair-cell-phone-209719.jpg","datePublished":"2019-06-24T13:40:56+00:00","dateModified":"2019-06-25T08:20:34+00:00","breadcrumb":{"@id":"https:\/\/www.swissfairtrade.ch\/fr\/loi-pour-la-durabilite-et-la-qualite-des-achats-publics\/#breadcrumb"},"inLanguage":"fr-FR","potentialAction":[{"@type":"ReadAction","target":["https:\/\/www.swissfairtrade.ch\/fr\/loi-pour-la-durabilite-et-la-qualite-des-achats-publics\/"]}]},{"@type":"ImageObject","inLanguage":"fr-FR","@id":"https:\/\/www.swissfairtrade.ch\/fr\/loi-pour-la-durabilite-et-la-qualite-des-achats-publics\/#primaryimage","url":"https:\/\/www.swissfairtrade.ch\/wp-content\/uploads\/adult-braided-hair-cell-phone-209719.jpg","contentUrl":"https:\/\/www.swissfairtrade.ch\/wp-content\/uploads\/adult-braided-hair-cell-phone-209719.jpg","width":3872,"height":2592},{"@type":"BreadcrumbList","@id":"https:\/\/www.swissfairtrade.ch\/fr\/loi-pour-la-durabilite-et-la-qualite-des-achats-publics\/#breadcrumb","itemListElement":[{"@type":"ListItem","position":1,"name":"Home","item":"https:\/\/www.swissfairtrade.ch\/fr\/"},{"@type":"ListItem","position":2,"name":"Une loi pour la durabilit\u00e9 et la qualit\u00e9 des achats publics"}]},{"@type":"WebSite","@id":"https:\/\/www.swissfairtrade.ch\/it\/#website","url":"https:\/\/www.swissfairtrade.ch\/it\/","name":"Swiss Fair Trade","description":"","publisher":{"@id":"https:\/\/www.swissfairtrade.ch\/it\/#organization"},"potentialAction":[{"@type":"SearchAction","target":{"@type":"EntryPoint","urlTemplate":"https:\/\/www.swissfairtrade.ch\/it\/?s={search_term_string}"},"query-input":{"@type":"PropertyValueSpecification","valueRequired":true,"valueName":"search_term_string"}}],"inLanguage":"fr-FR"},{"@type":"Organization","@id":"https:\/\/www.swissfairtrade.ch\/it\/#organization","name":"Swiss Fair Trade","url":"https:\/\/www.swissfairtrade.ch\/it\/","logo":{"@type":"ImageObject","inLanguage":"fr-FR","@id":"https:\/\/www.swissfairtrade.ch\/it\/#\/schema\/logo\/image\/","url":"https:\/\/www.swissfairtrade.ch\/wp-content\/uploads\/SwissFairTrade-Logo-rgb-203.51.59-web.png","contentUrl":"https:\/\/www.swissfairtrade.ch\/wp-content\/uploads\/SwissFairTrade-Logo-rgb-203.51.59-web.png","width":130,"height":115,"caption":"Swiss Fair Trade"},"image":{"@id":"https:\/\/www.swissfairtrade.ch\/it\/#\/schema\/logo\/image\/"}},{"@type":"Person","@id":"https:\/\/www.swissfairtrade.ch\/it\/#\/schema\/person\/dc7912173b5d36be4048d6a648a7ed9d","name":"Swiss Fair Trade Admin","image":{"@type":"ImageObject","inLanguage":"fr-FR","@id":"https:\/\/www.swissfairtrade.ch\/it\/#\/schema\/person\/image\/","url":"https:\/\/secure.gravatar.com\/avatar\/21706817544124caa9f21ba8a9e2bc5eb34f8e2af2ab8d077048ab89384e7c8a?s=96&d=mm&r=g","contentUrl":"https:\/\/secure.gravatar.com\/avatar\/21706817544124caa9f21ba8a9e2bc5eb34f8e2af2ab8d077048ab89384e7c8a?s=96&d=mm&r=g","caption":"Swiss Fair Trade Admin"}}]}},"_links":{"self":[{"href":"https:\/\/www.swissfairtrade.ch\/fr\/wp-json\/wp\/v2\/posts\/6773","targetHints":{"allow":["GET"]}}],"collection":[{"href":"https:\/\/www.swissfairtrade.ch\/fr\/wp-json\/wp\/v2\/posts"}],"about":[{"href":"https:\/\/www.swissfairtrade.ch\/fr\/wp-json\/wp\/v2\/types\/post"}],"author":[{"embeddable":true,"href":"https:\/\/www.swissfairtrade.ch\/fr\/wp-json\/wp\/v2\/users\/3"}],"replies":[{"embeddable":true,"href":"https:\/\/www.swissfairtrade.ch\/fr\/wp-json\/wp\/v2\/comments?post=6773"}],"version-history":[{"count":0,"href":"https:\/\/www.swissfairtrade.ch\/fr\/wp-json\/wp\/v2\/posts\/6773\/revisions"}],"wp:featuredmedia":[{"embeddable":true,"href":"https:\/\/www.swissfairtrade.ch\/fr\/wp-json\/wp\/v2\/media\/6761"}],"wp:attachment":[{"href":"https:\/\/www.swissfairtrade.ch\/fr\/wp-json\/wp\/v2\/media?parent=6773"}],"wp:term":[{"taxonomy":"category","embeddable":true,"href":"https:\/\/www.swissfairtrade.ch\/fr\/wp-json\/wp\/v2\/categories?post=6773"},{"taxonomy":"post_tag","embeddable":true,"href":"https:\/\/www.swissfairtrade.ch\/fr\/wp-json\/wp\/v2\/tags?post=6773"}],"curies":[{"name":"wp","href":"https:\/\/api.w.org\/{rel}","templated":true}]}}