{"id":6744,"date":"2019-06-20T10:33:24","date_gmt":"2019-06-20T08:33:24","guid":{"rendered":"https:\/\/www.swissfairtrade.ch\/?p=6744"},"modified":"2019-06-20T14:54:48","modified_gmt":"2019-06-20T12:54:48","slug":"assemblee-generale-2019","status":"publish","type":"post","link":"https:\/\/www.swissfairtrade.ch\/fr\/assemblee-generale-2019\/","title":{"rendered":"Assembl\u00e9e g\u00e9n\u00e9rale 2019"},"content":{"rendered":"<div class=\"wpb-content-wrapper\"><p>[vc_row css=\u00a0\u00bb.vc_custom_1531834670119{margin-top: 20px !important;}\u00a0\u00bb][vc_column width=\u00a0\u00bb1\/6&Prime;][\/vc_column][vc_column width=\u00a0\u00bb2\/3&Prime; css=\u00a0\u00bb.vc_custom_1557310891367{background-position: center !important;background-repeat: no-repeat !important;background-size: cover !important;}\u00a0\u00bb][vc_column_text]<\/p>\n<div class=\"db-date\">\n<h4>le 20 juin <span style=\"color: #333333;\">2019<\/span><\/h4>\n<h1 style=\"text-align: center;\"><strong><span style=\"color: #333333;\">Assembl\u00e9e g\u00e9n\u00e9rale 2019!<\/span><\/strong><\/h1>\n<p><span lang=\"FR-CH\"><img loading=\"lazy\" decoding=\"async\" class=\"aligncenter wp-image-6753\" src=\"https:\/\/www.swissfairtrade.ch\/wp-content\/uploads\/Neue-M.-U.-GV-2019-1.jpg\" alt=\"\" width=\"600\" height=\"429\" srcset=\"https:\/\/www.swissfairtrade.ch\/wp-content\/uploads\/Neue-M.-U.-GV-2019-1.jpg 2100w, https:\/\/www.swissfairtrade.ch\/wp-content\/uploads\/Neue-M.-U.-GV-2019-1-392x280.jpg 392w, https:\/\/www.swissfairtrade.ch\/wp-content\/uploads\/Neue-M.-U.-GV-2019-1-768x549.jpg 768w, https:\/\/www.swissfairtrade.ch\/wp-content\/uploads\/Neue-M.-U.-GV-2019-1-1024x731.jpg 1024w\" sizes=\"auto, (max-width: 600px) 100vw, 600px\" \/>Cette ann\u00e9e, l&rsquo;assembl\u00e9e g\u00e9n\u00e9rale de Swiss Fair Trade s&rsquo;est d\u00e9roul\u00e9e \u00e0 Burgdorf qui vient d&rsquo;obtenir la distinction Fair Trade Town. Au menu de la partie statutaire, la pr\u00e9sentation et l\u2019admission de deux nouveaux membres, tous deux n\u00e9gociants de caf\u00e9, <a href=\"http:\/\/www.yocafe.ch\/\" target=\"_blank\" rel=\"noopener\">Yocaf\u00e9.ch<\/a> et <a href=\"https:\/\/www.rueeggs.com\/\" target=\"_blank\" rel=\"noopener\">R\u00fcegg&rsquo;s GmbH<\/a>, ainsi que l&rsquo;\u00e9lection du nouveau Comit\u00e9 de Swiss Fair Trade. Au cours de la deuxi\u00e8me partie de l&rsquo;Assembl\u00e9e g\u00e9n\u00e9rale, les nouveaux partenaires, <a href=\"https:\/\/www.shiftphones.ch\/\" target=\"_blank\" rel=\"noopener\">Shiftphones Suisse<\/a>, <a href=\"https:\/\/www.coop.ch\/fr\/labels\/naturaline-bio-fair.html\" target=\"_blank\" rel=\"noopener\">Coop Naturaline<\/a> et <a href=\"http:\/\/www.jenny-fabrics.ch\/\" target=\"_blank\" rel=\"noopener\">Jenny Fabrics<\/a> ont \u00e9t\u00e9 accueilli et ont pu expliquer les raisons de leur engagement. <\/span><\/p>\n<p><span lang=\"FR-CH\">Les nouveaux membres et partenaires t\u00e9moignent de la diversit\u00e9 et du caract\u00e8re innovant du commerce \u00e9quitable actuel. Les nouveaux membres de Swiss Fair Trade sont tous deux actifs dans le commerce du caf\u00e9 :<\/span><\/p>\n<p><span lang=\"FR-CH\"><a href=\"http:\/\/www.yocafe.ch\/\" target=\"_blank\" rel=\"noopener\">Yocaf\u00e9.ch<\/a><\/span><span lang=\"FR-CH\">\u00a0ach\u00e8te son caf\u00e9 exclusivement au Honduras. Tous les producteurs sont certifi\u00e9s FLO (Fairtrade) et bio. Le prix est fix\u00e9 par yocafe.ch directement avec les petits producteurs de caf\u00e9. Le caf\u00e9 est cultiv\u00e9 dans des cultures mixtes, sans pesticides ni engrais chimiques, ce qui garantit une qualit\u00e9 sup\u00e9rieure et un go\u00fbt inoubliable. <\/span><\/p>\n<p><span lang=\"FR-CH\"><a href=\"https:\/\/www.rueeggs.com\/\" target=\"_blank\" rel=\"noopener\">R\u00fcegg&rsquo;s GmbH<\/a><\/span><span lang=\"FR-CH\">\u00a0est une jeune entreprise passionn\u00e9e par le caf\u00e9 et le th\u00e9 tha\u00eflandais. Le caf\u00e9 est cultiv\u00e9 par une minorit\u00e9 ethnique du nord de la Tha\u00eflande, les Akhas. Pour ce caf\u00e9 bio, les Akhas re\u00e7oivent un prix juste auquel s\u2019ajoute la prime du commerce \u00e9quitable vers\u00e9e \u00e0 des orphelinats de la r\u00e9gion. <\/span><\/p>\n<p><span lang=\"FR-CH\">Marion R\u00f6ttges, Co-CEO de Remei, et Nicole Weydknecht, directrice d&rsquo;Actares et membre du Conseil d&rsquo;administration de claro fair trade AG, ont \u00e9t\u00e9 \u00e9lues au Comit\u00e9 de Swiss Fair Trade. Elles remplacent Thomas Rogalla, gebana, et Marie-Claire Pellerin, claro fair trade SA, d\u00e9missionnaires.<\/span><\/p>\n<p><span lang=\"FR-CH\">La r\u00e9union s\u2019est termin\u00e9e par la pr\u00e9sentation du processus de mise en \u0153uvre de fair Trade Town \u00e0 Burgdorf et \u00e0 Renens qui obtiendra prochainement la distinction. Les deux intervenants ont illustr\u00e9 concr\u00e8tement le processus parfois compliqu\u00e9 mais g\u00e9n\u00e9ralement enrichissant que les groupes de travail suivent ainsi que les strat\u00e9gies diff\u00e9rentes adopt\u00e9es par les communes pour parvenir \u00e0 remplir les exigences pos\u00e9es par la campagne. <\/span><\/p>\n<p>&nbsp;<\/p>\n<\/div>\n<p>[\/vc_column_text][\/vc_column][vc_column width=\u00a0\u00bb1\/6&Prime;][\/vc_column][\/vc_row][vc_row][vc_column][vc_empty_space height=\u00a0\u00bb50px\u00a0\u00bb][vc_separator][vc_column_text]<\/p>\n<h3>Autres Nouveaut\u00e9s<\/h3>\n<p>[\/vc_column_text][vc_basic_grid post_type=\u00a0\u00bbpost\u00a0\u00bb max_items=\u00a0\u00bb9&Prime; gap=\u00a0\u00bb10&Prime; item=\u00a0\u00bb5042&Prime; grid_id=\u00a0\u00bbvc_gid:1561035218656-6683f8f3-e888-7&Prime; taxonomies=\u00a0\u00bb23&Prime;][\/vc_column][\/vc_row]<\/p>\n<\/div>","protected":false},"excerpt":{"rendered":"<p>L&rsquo;association continue de grandir et accueille de nouveaux membres et partenaires.  <\/p>\n","protected":false},"author":3,"featured_media":6753,"comment_status":"closed","ping_status":"closed","sticky":false,"template":"","format":"standard","meta":{"generate_page_header":"","footnotes":"","_links_to":"","_links_to_target":""},"categories":[251],"tags":[],"class_list":["post-6744","post","type-post","status-publish","format-standard","has-post-thumbnail","hentry","category-archive"],"yoast_head":"<!-- This site is optimized with the Yoast SEO plugin v26.2 - https:\/\/yoast.com\/wordpress\/plugins\/seo\/ -->\n<title>Assembl\u00e9e g\u00e9n\u00e9rale 2019 - Swiss Fair Trade<\/title>\n<meta name=\"robots\" content=\"index, follow, max-snippet:-1, max-image-preview:large, max-video-preview:-1\" \/>\n<link rel=\"canonical\" href=\"https:\/\/www.swissfairtrade.ch\/fr\/assemblee-generale-2019\/\" \/>\n<meta property=\"og:locale\" content=\"fr_FR\" \/>\n<meta property=\"og:type\" content=\"article\" \/>\n<meta property=\"og:title\" content=\"Assembl\u00e9e g\u00e9n\u00e9rale 2019 - Swiss Fair Trade\" \/>\n<meta property=\"og:description\" content=\"L&#039;association continue de grandir et accueille de nouveaux membres et partenaires.\" \/>\n<meta property=\"og:url\" content=\"https:\/\/www.swissfairtrade.ch\/fr\/assemblee-generale-2019\/\" \/>\n<meta property=\"og:site_name\" content=\"Swiss Fair Trade\" \/>\n<meta property=\"article:published_time\" content=\"2019-06-20T08:33:24+00:00\" \/>\n<meta property=\"article:modified_time\" content=\"2019-06-20T12:54:48+00:00\" \/>\n<meta property=\"og:image\" content=\"https:\/\/www.swissfairtrade.ch\/wp-content\/uploads\/Neue-M.-U.-GV-2019-1.jpg\" \/>\n\t<meta property=\"og:image:width\" content=\"2100\" \/>\n\t<meta property=\"og:image:height\" content=\"1500\" \/>\n\t<meta property=\"og:image:type\" content=\"image\/jpeg\" \/>\n<meta name=\"author\" content=\"Swiss Fair Trade Admin\" \/>\n<meta name=\"twitter:card\" content=\"summary_large_image\" \/>\n<meta name=\"twitter:label1\" content=\"\u00c9crit par\" \/>\n\t<meta name=\"twitter:data1\" content=\"Swiss Fair Trade Admin\" \/>\n\t<meta name=\"twitter:label2\" content=\"Dur\u00e9e de lecture estim\u00e9e\" \/>\n\t<meta name=\"twitter:data2\" content=\"2 minutes\" \/>\n<script type=\"application\/ld+json\" class=\"yoast-schema-graph\">{\"@context\":\"https:\/\/schema.org\",\"@graph\":[{\"@type\":\"Article\",\"@id\":\"https:\/\/www.swissfairtrade.ch\/fr\/assemblee-generale-2019\/#article\",\"isPartOf\":{\"@id\":\"https:\/\/www.swissfairtrade.ch\/fr\/assemblee-generale-2019\/\"},\"author\":{\"name\":\"Swiss Fair Trade Admin\",\"@id\":\"https:\/\/www.swissfairtrade.ch\/it\/#\/schema\/person\/dc7912173b5d36be4048d6a648a7ed9d\"},\"headline\":\"Assembl\u00e9e g\u00e9n\u00e9rale 2019\",\"datePublished\":\"2019-06-20T08:33:24+00:00\",\"dateModified\":\"2019-06-20T12:54:48+00:00\",\"mainEntityOfPage\":{\"@id\":\"https:\/\/www.swissfairtrade.ch\/fr\/assemblee-generale-2019\/\"},\"wordCount\":477,\"publisher\":{\"@id\":\"https:\/\/www.swissfairtrade.ch\/it\/#organization\"},\"image\":{\"@id\":\"https:\/\/www.swissfairtrade.ch\/fr\/assemblee-generale-2019\/#primaryimage\"},\"thumbnailUrl\":\"https:\/\/www.swissfairtrade.ch\/wp-content\/uploads\/Neue-M.-U.-GV-2019-1.jpg\",\"articleSection\":[\"Archive\"],\"inLanguage\":\"fr-FR\"},{\"@type\":\"WebPage\",\"@id\":\"https:\/\/www.swissfairtrade.ch\/fr\/assemblee-generale-2019\/\",\"url\":\"https:\/\/www.swissfairtrade.ch\/fr\/assemblee-generale-2019\/\",\"name\":\"Assembl\u00e9e g\u00e9n\u00e9rale 2019 - Swiss Fair Trade\",\"isPartOf\":{\"@id\":\"https:\/\/www.swissfairtrade.ch\/it\/#website\"},\"primaryImageOfPage\":{\"@id\":\"https:\/\/www.swissfairtrade.ch\/fr\/assemblee-generale-2019\/#primaryimage\"},\"image\":{\"@id\":\"https:\/\/www.swissfairtrade.ch\/fr\/assemblee-generale-2019\/#primaryimage\"},\"thumbnailUrl\":\"https:\/\/www.swissfairtrade.ch\/wp-content\/uploads\/Neue-M.-U.-GV-2019-1.jpg\",\"datePublished\":\"2019-06-20T08:33:24+00:00\",\"dateModified\":\"2019-06-20T12:54:48+00:00\",\"breadcrumb\":{\"@id\":\"https:\/\/www.swissfairtrade.ch\/fr\/assemblee-generale-2019\/#breadcrumb\"},\"inLanguage\":\"fr-FR\",\"potentialAction\":[{\"@type\":\"ReadAction\",\"target\":[\"https:\/\/www.swissfairtrade.ch\/fr\/assemblee-generale-2019\/\"]}]},{\"@type\":\"ImageObject\",\"inLanguage\":\"fr-FR\",\"@id\":\"https:\/\/www.swissfairtrade.ch\/fr\/assemblee-generale-2019\/#primaryimage\",\"url\":\"https:\/\/www.swissfairtrade.ch\/wp-content\/uploads\/Neue-M.-U.-GV-2019-1.jpg\",\"contentUrl\":\"https:\/\/www.swissfairtrade.ch\/wp-content\/uploads\/Neue-M.-U.-GV-2019-1.jpg\",\"width\":2100,\"height\":1500},{\"@type\":\"BreadcrumbList\",\"@id\":\"https:\/\/www.swissfairtrade.ch\/fr\/assemblee-generale-2019\/#breadcrumb\",\"itemListElement\":[{\"@type\":\"ListItem\",\"position\":1,\"name\":\"Home\",\"item\":\"https:\/\/www.swissfairtrade.ch\/fr\/\"},{\"@type\":\"ListItem\",\"position\":2,\"name\":\"Assembl\u00e9e g\u00e9n\u00e9rale 2019\"}]},{\"@type\":\"WebSite\",\"@id\":\"https:\/\/www.swissfairtrade.ch\/it\/#website\",\"url\":\"https:\/\/www.swissfairtrade.ch\/it\/\",\"name\":\"Swiss Fair Trade\",\"description\":\"\",\"publisher\":{\"@id\":\"https:\/\/www.swissfairtrade.ch\/it\/#organization\"},\"potentialAction\":[{\"@type\":\"SearchAction\",\"target\":{\"@type\":\"EntryPoint\",\"urlTemplate\":\"https:\/\/www.swissfairtrade.ch\/it\/?s={search_term_string}\"},\"query-input\":{\"@type\":\"PropertyValueSpecification\",\"valueRequired\":true,\"valueName\":\"search_term_string\"}}],\"inLanguage\":\"fr-FR\"},{\"@type\":\"Organization\",\"@id\":\"https:\/\/www.swissfairtrade.ch\/it\/#organization\",\"name\":\"Swiss Fair Trade\",\"url\":\"https:\/\/www.swissfairtrade.ch\/it\/\",\"logo\":{\"@type\":\"ImageObject\",\"inLanguage\":\"fr-FR\",\"@id\":\"https:\/\/www.swissfairtrade.ch\/it\/#\/schema\/logo\/image\/\",\"url\":\"https:\/\/www.swissfairtrade.ch\/wp-content\/uploads\/SwissFairTrade-Logo-rgb-203.51.59-web.png\",\"contentUrl\":\"https:\/\/www.swissfairtrade.ch\/wp-content\/uploads\/SwissFairTrade-Logo-rgb-203.51.59-web.png\",\"width\":130,\"height\":115,\"caption\":\"Swiss Fair Trade\"},\"image\":{\"@id\":\"https:\/\/www.swissfairtrade.ch\/it\/#\/schema\/logo\/image\/\"}},{\"@type\":\"Person\",\"@id\":\"https:\/\/www.swissfairtrade.ch\/it\/#\/schema\/person\/dc7912173b5d36be4048d6a648a7ed9d\",\"name\":\"Swiss Fair Trade Admin\",\"image\":{\"@type\":\"ImageObject\",\"inLanguage\":\"fr-FR\",\"@id\":\"https:\/\/www.swissfairtrade.ch\/it\/#\/schema\/person\/image\/\",\"url\":\"https:\/\/secure.gravatar.com\/avatar\/21706817544124caa9f21ba8a9e2bc5eb34f8e2af2ab8d077048ab89384e7c8a?s=96&d=mm&r=g\",\"contentUrl\":\"https:\/\/secure.gravatar.com\/avatar\/21706817544124caa9f21ba8a9e2bc5eb34f8e2af2ab8d077048ab89384e7c8a?s=96&d=mm&r=g\",\"caption\":\"Swiss Fair Trade Admin\"}}]}<\/script>\n<!-- \/ Yoast SEO plugin. -->","yoast_head_json":{"title":"Assembl\u00e9e g\u00e9n\u00e9rale 2019 - Swiss Fair Trade","robots":{"index":"index","follow":"follow","max-snippet":"max-snippet:-1","max-image-preview":"max-image-preview:large","max-video-preview":"max-video-preview:-1"},"canonical":"https:\/\/www.swissfairtrade.ch\/fr\/assemblee-generale-2019\/","og_locale":"fr_FR","og_type":"article","og_title":"Assembl\u00e9e g\u00e9n\u00e9rale 2019 - Swiss Fair Trade","og_description":"L'association continue de grandir et accueille de nouveaux membres et partenaires.","og_url":"https:\/\/www.swissfairtrade.ch\/fr\/assemblee-generale-2019\/","og_site_name":"Swiss Fair Trade","article_published_time":"2019-06-20T08:33:24+00:00","article_modified_time":"2019-06-20T12:54:48+00:00","og_image":[{"width":2100,"height":1500,"url":"https:\/\/www.swissfairtrade.ch\/wp-content\/uploads\/Neue-M.-U.-GV-2019-1.jpg","type":"image\/jpeg"}],"author":"Swiss Fair Trade Admin","twitter_card":"summary_large_image","twitter_misc":{"\u00c9crit par":"Swiss Fair Trade Admin","Dur\u00e9e de lecture estim\u00e9e":"2 minutes"},"schema":{"@context":"https:\/\/schema.org","@graph":[{"@type":"Article","@id":"https:\/\/www.swissfairtrade.ch\/fr\/assemblee-generale-2019\/#article","isPartOf":{"@id":"https:\/\/www.swissfairtrade.ch\/fr\/assemblee-generale-2019\/"},"author":{"name":"Swiss Fair Trade Admin","@id":"https:\/\/www.swissfairtrade.ch\/it\/#\/schema\/person\/dc7912173b5d36be4048d6a648a7ed9d"},"headline":"Assembl\u00e9e g\u00e9n\u00e9rale 2019","datePublished":"2019-06-20T08:33:24+00:00","dateModified":"2019-06-20T12:54:48+00:00","mainEntityOfPage":{"@id":"https:\/\/www.swissfairtrade.ch\/fr\/assemblee-generale-2019\/"},"wordCount":477,"publisher":{"@id":"https:\/\/www.swissfairtrade.ch\/it\/#organization"},"image":{"@id":"https:\/\/www.swissfairtrade.ch\/fr\/assemblee-generale-2019\/#primaryimage"},"thumbnailUrl":"https:\/\/www.swissfairtrade.ch\/wp-content\/uploads\/Neue-M.-U.-GV-2019-1.jpg","articleSection":["Archive"],"inLanguage":"fr-FR"},{"@type":"WebPage","@id":"https:\/\/www.swissfairtrade.ch\/fr\/assemblee-generale-2019\/","url":"https:\/\/www.swissfairtrade.ch\/fr\/assemblee-generale-2019\/","name":"Assembl\u00e9e g\u00e9n\u00e9rale 2019 - Swiss Fair Trade","isPartOf":{"@id":"https:\/\/www.swissfairtrade.ch\/it\/#website"},"primaryImageOfPage":{"@id":"https:\/\/www.swissfairtrade.ch\/fr\/assemblee-generale-2019\/#primaryimage"},"image":{"@id":"https:\/\/www.swissfairtrade.ch\/fr\/assemblee-generale-2019\/#primaryimage"},"thumbnailUrl":"https:\/\/www.swissfairtrade.ch\/wp-content\/uploads\/Neue-M.-U.-GV-2019-1.jpg","datePublished":"2019-06-20T08:33:24+00:00","dateModified":"2019-06-20T12:54:48+00:00","breadcrumb":{"@id":"https:\/\/www.swissfairtrade.ch\/fr\/assemblee-generale-2019\/#breadcrumb"},"inLanguage":"fr-FR","potentialAction":[{"@type":"ReadAction","target":["https:\/\/www.swissfairtrade.ch\/fr\/assemblee-generale-2019\/"]}]},{"@type":"ImageObject","inLanguage":"fr-FR","@id":"https:\/\/www.swissfairtrade.ch\/fr\/assemblee-generale-2019\/#primaryimage","url":"https:\/\/www.swissfairtrade.ch\/wp-content\/uploads\/Neue-M.-U.-GV-2019-1.jpg","contentUrl":"https:\/\/www.swissfairtrade.ch\/wp-content\/uploads\/Neue-M.-U.-GV-2019-1.jpg","width":2100,"height":1500},{"@type":"BreadcrumbList","@id":"https:\/\/www.swissfairtrade.ch\/fr\/assemblee-generale-2019\/#breadcrumb","itemListElement":[{"@type":"ListItem","position":1,"name":"Home","item":"https:\/\/www.swissfairtrade.ch\/fr\/"},{"@type":"ListItem","position":2,"name":"Assembl\u00e9e g\u00e9n\u00e9rale 2019"}]},{"@type":"WebSite","@id":"https:\/\/www.swissfairtrade.ch\/it\/#website","url":"https:\/\/www.swissfairtrade.ch\/it\/","name":"Swiss Fair Trade","description":"","publisher":{"@id":"https:\/\/www.swissfairtrade.ch\/it\/#organization"},"potentialAction":[{"@type":"SearchAction","target":{"@type":"EntryPoint","urlTemplate":"https:\/\/www.swissfairtrade.ch\/it\/?s={search_term_string}"},"query-input":{"@type":"PropertyValueSpecification","valueRequired":true,"valueName":"search_term_string"}}],"inLanguage":"fr-FR"},{"@type":"Organization","@id":"https:\/\/www.swissfairtrade.ch\/it\/#organization","name":"Swiss Fair Trade","url":"https:\/\/www.swissfairtrade.ch\/it\/","logo":{"@type":"ImageObject","inLanguage":"fr-FR","@id":"https:\/\/www.swissfairtrade.ch\/it\/#\/schema\/logo\/image\/","url":"https:\/\/www.swissfairtrade.ch\/wp-content\/uploads\/SwissFairTrade-Logo-rgb-203.51.59-web.png","contentUrl":"https:\/\/www.swissfairtrade.ch\/wp-content\/uploads\/SwissFairTrade-Logo-rgb-203.51.59-web.png","width":130,"height":115,"caption":"Swiss Fair Trade"},"image":{"@id":"https:\/\/www.swissfairtrade.ch\/it\/#\/schema\/logo\/image\/"}},{"@type":"Person","@id":"https:\/\/www.swissfairtrade.ch\/it\/#\/schema\/person\/dc7912173b5d36be4048d6a648a7ed9d","name":"Swiss Fair Trade Admin","image":{"@type":"ImageObject","inLanguage":"fr-FR","@id":"https:\/\/www.swissfairtrade.ch\/it\/#\/schema\/person\/image\/","url":"https:\/\/secure.gravatar.com\/avatar\/21706817544124caa9f21ba8a9e2bc5eb34f8e2af2ab8d077048ab89384e7c8a?s=96&d=mm&r=g","contentUrl":"https:\/\/secure.gravatar.com\/avatar\/21706817544124caa9f21ba8a9e2bc5eb34f8e2af2ab8d077048ab89384e7c8a?s=96&d=mm&r=g","caption":"Swiss Fair Trade Admin"}}]}},"_links":{"self":[{"href":"https:\/\/www.swissfairtrade.ch\/fr\/wp-json\/wp\/v2\/posts\/6744","targetHints":{"allow":["GET"]}}],"collection":[{"href":"https:\/\/www.swissfairtrade.ch\/fr\/wp-json\/wp\/v2\/posts"}],"about":[{"href":"https:\/\/www.swissfairtrade.ch\/fr\/wp-json\/wp\/v2\/types\/post"}],"author":[{"embeddable":true,"href":"https:\/\/www.swissfairtrade.ch\/fr\/wp-json\/wp\/v2\/users\/3"}],"replies":[{"embeddable":true,"href":"https:\/\/www.swissfairtrade.ch\/fr\/wp-json\/wp\/v2\/comments?post=6744"}],"version-history":[{"count":0,"href":"https:\/\/www.swissfairtrade.ch\/fr\/wp-json\/wp\/v2\/posts\/6744\/revisions"}],"wp:featuredmedia":[{"embeddable":true,"href":"https:\/\/www.swissfairtrade.ch\/fr\/wp-json\/wp\/v2\/media\/6753"}],"wp:attachment":[{"href":"https:\/\/www.swissfairtrade.ch\/fr\/wp-json\/wp\/v2\/media?parent=6744"}],"wp:term":[{"taxonomy":"category","embeddable":true,"href":"https:\/\/www.swissfairtrade.ch\/fr\/wp-json\/wp\/v2\/categories?post=6744"},{"taxonomy":"post_tag","embeddable":true,"href":"https:\/\/www.swissfairtrade.ch\/fr\/wp-json\/wp\/v2\/tags?post=6744"}],"curies":[{"name":"wp","href":"https:\/\/api.w.org\/{rel}","templated":true}]}}