{"id":6727,"date":"2019-06-17T14:34:31","date_gmt":"2019-06-17T12:34:31","guid":{"rendered":"https:\/\/www.swissfairtrade.ch\/?p=6727"},"modified":"2019-06-20T10:41:55","modified_gmt":"2019-06-20T08:41:55","slug":"journee-mondiale-du-commerce-equitable-2019","status":"publish","type":"post","link":"https:\/\/www.swissfairtrade.ch\/fr\/journee-mondiale-du-commerce-equitable-2019\/","title":{"rendered":"Journ\u00e9e mondiale du commerce \u00e9quitable 2019"},"content":{"rendered":"<div class=\"wpb-content-wrapper\"><p>[vc_row css=\u00a0\u00bb.vc_custom_1531834670119{margin-top: 20px !important;}\u00a0\u00bb][vc_column width=\u00a0\u00bb1\/6&Prime;][\/vc_column][vc_column width=\u00a0\u00bb2\/3&Prime; css=\u00a0\u00bb.vc_custom_1557310891367{background-position: center !important;background-repeat: no-repeat !important;background-size: cover !important;}\u00a0\u00bb][vc_column_text]<\/p>\n<div class=\"db-date\">\n<h4>16 juin<span style=\"color: #333333;\"> 2019<\/span><\/h4>\n<h1 style=\"text-align: center;\"><strong>Journ\u00e9e mondial du commerce \u00e9quitable<\/strong><\/h1>\n<p><span lang=\"FR-CH\">E<\/span><span lang=\"FR-CH\">n Suisse romande, les villes de Carouge et de Renens ainsi que le magasin du Monde de Sion ont r\u00e9pondu \u00e0 notre appel et organis\u00e9 des \u00e9v\u00e8nements de promotion d\u2019un commerce \u00e9quitable, local et respectueux de l\u2019environnement. <\/span><\/p>\n<p><span lang=\"FR-CH\">A Carouge, le commerce \u00e9quitable s\u2019est invit\u00e9 dans les \u00e9coles primaires de la Ville qui a organis\u00e9 une semaine de sensibilisation sur le commerce \u00e9quitable dans les \u00e9coles primaires. Ateliers autour du chocolat, repas comprenant des produits \u00e9quitables et locaux au restaurant scolaire ont permis aux enfants de r\u00e9fl\u00e9chir sur la provenance de ce qu\u2019ils mangent tous les jours. Selon la ville de Carouge, \u00ab\u00a0l\u2019objectif de cette semaine \u2013 pour que vos enfants deviennent acteurs d\u2019un monde meilleur ! \u2013 a \u00e9t\u00e9 atteint. La ville de Carouge sort renforc\u00e9e dans son engagement Fair Trade Town et va poursuivre ses actions de sensibilisation au commerce \u00e9quitable, aupr\u00e8s de diff\u00e9rents publics, car payer un produit \u00e0 un prix qui permet au producteur de vivre dans des conditions d\u00e9centes est facile et \u00e0 la port\u00e9e de tous\u00a0!\u00a0\u00bb<\/span><\/p>\n<p><span lang=\"FR-CH\">A Renens, le groupe de travail Fair Trade Town a invit\u00e9 la population \u00e9 une d\u00e9gustation de caf\u00e9 et de fruits et l\u00e9gumes exotiques provenant du commerce \u00e9quitable\u00a0: une torr\u00e9faction locale, Pappy John et l\u2019un de nos membres TerrEspoir ont particip\u00e9 activement \u00e0 la r\u00e9ussite de la journ\u00e9e. <\/span><\/p>\n<p><span lang=\"FR-CH\">A Sion, le Magasin du monde local a invit\u00e9 amis, connaissances et public \u00e0 f\u00eater ensemble la Journ\u00e9e mondiale au cours d\u2019un brunch compos\u00e9 de produits \u00e9quitables et locaux. Le succ\u00e8s a \u00e9t\u00e9 au rendez-vous malgr\u00e9 une m\u00e9t\u00e9o un peu capricieuse et a attir\u00e9 une centaine de personnes. <\/span><\/p>\n<p><span lang=\"FR-CH\">Paysans d\u2019ici et d\u2019ailleurs<\/span><\/p>\n<p><span lang=\"FR-CH\">En l\u2019honneur de cette journ\u00e9e mondiale au cours de laquelle nous avons cherch\u00e9 \u00e0 cr\u00e9er des ponts entre production \u00e9quitable et production responsable locale, nous vous proposons les portraits de deux productrices\u00a0: l\u2019une provenant du Tessin et l\u2019autre du Togo. Leurs pr\u00e9occupations se rejoignent lorsqu\u2019elles revendiquent de vivre dignement de leur travail\u00a0; toutefois le contexte dans lequel elles vivent est tr\u00e8s diff\u00e9rent. Comment voient-elles l\u2019avenir\u00a0? A quels d\u00e9fis devront-elles r\u00e9pondre\u00a0? <a href=\"https:\/\/www.swissfairtrade.ch\/fr\/champs-d-actions\/journee-mondiale-commerce-equitable\/__trashed\/\" target=\"_blank\" rel=\"noopener\">Quelques \u00e9l\u00e9ments de r\u00e9ponse<\/a><\/span><\/p>\n<\/div>\n<p>[\/vc_column_text][\/vc_column][vc_column width=\u00a0\u00bb1\/6&Prime;][\/vc_column][\/vc_row][vc_row][vc_column width=\u00a0\u00bb1\/6&Prime;][\/vc_column][vc_column width=\u00a0\u00bb2\/3&Prime;][vc_gallery interval=\u00a0\u00bb5&Prime; images=\u00a0\u00bb6451,6452,6453,6479,6541,6542,6539,6535,6536,6537,6538,6516,6518,6517,6519,6515,6509,6502,6492,6501,6500,6496,6495,6494,6477,6476,6467,6463,6461,6460,6458,6456,6543,6549,6728,6729,6731&Prime; img_size=\u00a0\u00bbfull\u00a0\u00bb][\/vc_column][vc_column width=\u00a0\u00bb1\/6&Prime;][\/vc_column][\/vc_row][vc_row][vc_column width=\u00a0\u00bb1\/6&Prime;][\/vc_column][vc_column width=\u00a0\u00bb2\/3&Prime;][vc_column_text]<\/p>\n<h3>Autres Nouveaut\u00e9s<\/h3>\n<p>[\/vc_column_text][\/vc_column][vc_column width=\u00a0\u00bb1\/6&Prime;][\/vc_column][\/vc_row][vc_row][vc_column width=\u00a0\u00bb1\/6&Prime;][\/vc_column][vc_column width=\u00a0\u00bb2\/3&Prime;][vc_basic_grid post_type=\u00a0\u00bbpost\u00a0\u00bb max_items=\u00a0\u00bb3&Prime; item=\u00a0\u00bb5042&Prime; grid_id=\u00a0\u00bbvc_gid:1561020092500-05a1466a-0446-9&Prime; taxonomies=\u00a0\u00bb23&Prime;][\/vc_column][vc_column width=\u00a0\u00bb1\/6&Prime;][\/vc_column][\/vc_row]<\/p>\n<\/div>","protected":false},"excerpt":{"rendered":"<p>Le mois de mai est marqu\u00e9 par le retour de la Journ\u00e9e Mondiale du Commerce Equitable. Cette ann\u00e9e, Swiss Fair Trade a choisi de r\u00e9fl\u00e9chir sur l\u2019impact de nos choix en mati\u00e8re de consommation sur les pays et r\u00e9gions productrices, ici comme ailleurs. <\/p>\n","protected":false},"author":3,"featured_media":6731,"comment_status":"closed","ping_status":"closed","sticky":false,"template":"","format":"standard","meta":{"generate_page_header":"","footnotes":"","_links_to":"","_links_to_target":""},"categories":[251],"tags":[],"class_list":["post-6727","post","type-post","status-publish","format-standard","has-post-thumbnail","hentry","category-archive"],"yoast_head":"<!-- This site is optimized with the Yoast SEO plugin v26.2 - https:\/\/yoast.com\/wordpress\/plugins\/seo\/ -->\n<title>Journ\u00e9e mondiale du commerce \u00e9quitable 2019 - Swiss Fair Trade<\/title>\n<meta name=\"robots\" content=\"index, follow, max-snippet:-1, max-image-preview:large, max-video-preview:-1\" \/>\n<link rel=\"canonical\" href=\"https:\/\/www.swissfairtrade.ch\/fr\/journee-mondiale-du-commerce-equitable-2019\/\" \/>\n<meta property=\"og:locale\" content=\"fr_FR\" \/>\n<meta property=\"og:type\" content=\"article\" \/>\n<meta property=\"og:title\" content=\"Journ\u00e9e mondiale du commerce \u00e9quitable 2019 - Swiss Fair Trade\" \/>\n<meta property=\"og:description\" content=\"Le mois de mai est marqu\u00e9 par le retour de la Journ\u00e9e Mondiale du Commerce Equitable. Cette ann\u00e9e, Swiss Fair Trade a choisi de r\u00e9fl\u00e9chir sur l\u2019impact de nos choix en mati\u00e8re de consommation sur les pays et r\u00e9gions productrices, ici comme ailleurs.\" \/>\n<meta property=\"og:url\" content=\"https:\/\/www.swissfairtrade.ch\/fr\/journee-mondiale-du-commerce-equitable-2019\/\" \/>\n<meta property=\"og:site_name\" content=\"Swiss Fair Trade\" \/>\n<meta property=\"article:published_time\" content=\"2019-06-17T12:34:31+00:00\" \/>\n<meta property=\"article:modified_time\" content=\"2019-06-20T08:41:55+00:00\" \/>\n<meta property=\"og:image\" content=\"https:\/\/www.swissfairtrade.ch\/wp-content\/uploads\/IMG_0525.jpg\" \/>\n\t<meta property=\"og:image:width\" content=\"1632\" \/>\n\t<meta property=\"og:image:height\" content=\"1224\" \/>\n\t<meta property=\"og:image:type\" content=\"image\/jpeg\" \/>\n<meta name=\"author\" content=\"Swiss Fair Trade Admin\" \/>\n<meta name=\"twitter:card\" content=\"summary_large_image\" \/>\n<meta name=\"twitter:label1\" content=\"\u00c9crit par\" \/>\n\t<meta name=\"twitter:data1\" content=\"Swiss Fair Trade Admin\" \/>\n\t<meta name=\"twitter:label2\" content=\"Dur\u00e9e de lecture estim\u00e9e\" \/>\n\t<meta name=\"twitter:data2\" content=\"3 minutes\" \/>\n<script type=\"application\/ld+json\" class=\"yoast-schema-graph\">{\"@context\":\"https:\/\/schema.org\",\"@graph\":[{\"@type\":\"Article\",\"@id\":\"https:\/\/www.swissfairtrade.ch\/fr\/journee-mondiale-du-commerce-equitable-2019\/#article\",\"isPartOf\":{\"@id\":\"https:\/\/www.swissfairtrade.ch\/fr\/journee-mondiale-du-commerce-equitable-2019\/\"},\"author\":{\"name\":\"Swiss Fair Trade Admin\",\"@id\":\"https:\/\/www.swissfairtrade.ch\/it\/#\/schema\/person\/dc7912173b5d36be4048d6a648a7ed9d\"},\"headline\":\"Journ\u00e9e mondiale du commerce \u00e9quitable 2019\",\"datePublished\":\"2019-06-17T12:34:31+00:00\",\"dateModified\":\"2019-06-20T08:41:55+00:00\",\"mainEntityOfPage\":{\"@id\":\"https:\/\/www.swissfairtrade.ch\/fr\/journee-mondiale-du-commerce-equitable-2019\/\"},\"wordCount\":526,\"publisher\":{\"@id\":\"https:\/\/www.swissfairtrade.ch\/it\/#organization\"},\"image\":{\"@id\":\"https:\/\/www.swissfairtrade.ch\/fr\/journee-mondiale-du-commerce-equitable-2019\/#primaryimage\"},\"thumbnailUrl\":\"https:\/\/www.swissfairtrade.ch\/wp-content\/uploads\/IMG_0525.jpg\",\"articleSection\":[\"Archive\"],\"inLanguage\":\"fr-FR\"},{\"@type\":\"WebPage\",\"@id\":\"https:\/\/www.swissfairtrade.ch\/fr\/journee-mondiale-du-commerce-equitable-2019\/\",\"url\":\"https:\/\/www.swissfairtrade.ch\/fr\/journee-mondiale-du-commerce-equitable-2019\/\",\"name\":\"Journ\u00e9e mondiale du commerce \u00e9quitable 2019 - Swiss Fair Trade\",\"isPartOf\":{\"@id\":\"https:\/\/www.swissfairtrade.ch\/it\/#website\"},\"primaryImageOfPage\":{\"@id\":\"https:\/\/www.swissfairtrade.ch\/fr\/journee-mondiale-du-commerce-equitable-2019\/#primaryimage\"},\"image\":{\"@id\":\"https:\/\/www.swissfairtrade.ch\/fr\/journee-mondiale-du-commerce-equitable-2019\/#primaryimage\"},\"thumbnailUrl\":\"https:\/\/www.swissfairtrade.ch\/wp-content\/uploads\/IMG_0525.jpg\",\"datePublished\":\"2019-06-17T12:34:31+00:00\",\"dateModified\":\"2019-06-20T08:41:55+00:00\",\"breadcrumb\":{\"@id\":\"https:\/\/www.swissfairtrade.ch\/fr\/journee-mondiale-du-commerce-equitable-2019\/#breadcrumb\"},\"inLanguage\":\"fr-FR\",\"potentialAction\":[{\"@type\":\"ReadAction\",\"target\":[\"https:\/\/www.swissfairtrade.ch\/fr\/journee-mondiale-du-commerce-equitable-2019\/\"]}]},{\"@type\":\"ImageObject\",\"inLanguage\":\"fr-FR\",\"@id\":\"https:\/\/www.swissfairtrade.ch\/fr\/journee-mondiale-du-commerce-equitable-2019\/#primaryimage\",\"url\":\"https:\/\/www.swissfairtrade.ch\/wp-content\/uploads\/IMG_0525.jpg\",\"contentUrl\":\"https:\/\/www.swissfairtrade.ch\/wp-content\/uploads\/IMG_0525.jpg\",\"width\":1632,\"height\":1224},{\"@type\":\"BreadcrumbList\",\"@id\":\"https:\/\/www.swissfairtrade.ch\/fr\/journee-mondiale-du-commerce-equitable-2019\/#breadcrumb\",\"itemListElement\":[{\"@type\":\"ListItem\",\"position\":1,\"name\":\"Home\",\"item\":\"https:\/\/www.swissfairtrade.ch\/fr\/\"},{\"@type\":\"ListItem\",\"position\":2,\"name\":\"Journ\u00e9e mondiale du commerce \u00e9quitable 2019\"}]},{\"@type\":\"WebSite\",\"@id\":\"https:\/\/www.swissfairtrade.ch\/it\/#website\",\"url\":\"https:\/\/www.swissfairtrade.ch\/it\/\",\"name\":\"Swiss Fair Trade\",\"description\":\"\",\"publisher\":{\"@id\":\"https:\/\/www.swissfairtrade.ch\/it\/#organization\"},\"potentialAction\":[{\"@type\":\"SearchAction\",\"target\":{\"@type\":\"EntryPoint\",\"urlTemplate\":\"https:\/\/www.swissfairtrade.ch\/it\/?s={search_term_string}\"},\"query-input\":{\"@type\":\"PropertyValueSpecification\",\"valueRequired\":true,\"valueName\":\"search_term_string\"}}],\"inLanguage\":\"fr-FR\"},{\"@type\":\"Organization\",\"@id\":\"https:\/\/www.swissfairtrade.ch\/it\/#organization\",\"name\":\"Swiss Fair Trade\",\"url\":\"https:\/\/www.swissfairtrade.ch\/it\/\",\"logo\":{\"@type\":\"ImageObject\",\"inLanguage\":\"fr-FR\",\"@id\":\"https:\/\/www.swissfairtrade.ch\/it\/#\/schema\/logo\/image\/\",\"url\":\"https:\/\/www.swissfairtrade.ch\/wp-content\/uploads\/SwissFairTrade-Logo-rgb-203.51.59-web.png\",\"contentUrl\":\"https:\/\/www.swissfairtrade.ch\/wp-content\/uploads\/SwissFairTrade-Logo-rgb-203.51.59-web.png\",\"width\":130,\"height\":115,\"caption\":\"Swiss Fair Trade\"},\"image\":{\"@id\":\"https:\/\/www.swissfairtrade.ch\/it\/#\/schema\/logo\/image\/\"}},{\"@type\":\"Person\",\"@id\":\"https:\/\/www.swissfairtrade.ch\/it\/#\/schema\/person\/dc7912173b5d36be4048d6a648a7ed9d\",\"name\":\"Swiss Fair Trade Admin\",\"image\":{\"@type\":\"ImageObject\",\"inLanguage\":\"fr-FR\",\"@id\":\"https:\/\/www.swissfairtrade.ch\/it\/#\/schema\/person\/image\/\",\"url\":\"https:\/\/secure.gravatar.com\/avatar\/21706817544124caa9f21ba8a9e2bc5eb34f8e2af2ab8d077048ab89384e7c8a?s=96&d=mm&r=g\",\"contentUrl\":\"https:\/\/secure.gravatar.com\/avatar\/21706817544124caa9f21ba8a9e2bc5eb34f8e2af2ab8d077048ab89384e7c8a?s=96&d=mm&r=g\",\"caption\":\"Swiss Fair Trade Admin\"}}]}<\/script>\n<!-- \/ Yoast SEO plugin. -->","yoast_head_json":{"title":"Journ\u00e9e mondiale du commerce \u00e9quitable 2019 - Swiss Fair Trade","robots":{"index":"index","follow":"follow","max-snippet":"max-snippet:-1","max-image-preview":"max-image-preview:large","max-video-preview":"max-video-preview:-1"},"canonical":"https:\/\/www.swissfairtrade.ch\/fr\/journee-mondiale-du-commerce-equitable-2019\/","og_locale":"fr_FR","og_type":"article","og_title":"Journ\u00e9e mondiale du commerce \u00e9quitable 2019 - Swiss Fair Trade","og_description":"Le mois de mai est marqu\u00e9 par le retour de la Journ\u00e9e Mondiale du Commerce Equitable. Cette ann\u00e9e, Swiss Fair Trade a choisi de r\u00e9fl\u00e9chir sur l\u2019impact de nos choix en mati\u00e8re de consommation sur les pays et r\u00e9gions productrices, ici comme ailleurs.","og_url":"https:\/\/www.swissfairtrade.ch\/fr\/journee-mondiale-du-commerce-equitable-2019\/","og_site_name":"Swiss Fair Trade","article_published_time":"2019-06-17T12:34:31+00:00","article_modified_time":"2019-06-20T08:41:55+00:00","og_image":[{"width":1632,"height":1224,"url":"https:\/\/www.swissfairtrade.ch\/wp-content\/uploads\/IMG_0525.jpg","type":"image\/jpeg"}],"author":"Swiss Fair Trade Admin","twitter_card":"summary_large_image","twitter_misc":{"\u00c9crit par":"Swiss Fair Trade Admin","Dur\u00e9e de lecture estim\u00e9e":"3 minutes"},"schema":{"@context":"https:\/\/schema.org","@graph":[{"@type":"Article","@id":"https:\/\/www.swissfairtrade.ch\/fr\/journee-mondiale-du-commerce-equitable-2019\/#article","isPartOf":{"@id":"https:\/\/www.swissfairtrade.ch\/fr\/journee-mondiale-du-commerce-equitable-2019\/"},"author":{"name":"Swiss Fair Trade Admin","@id":"https:\/\/www.swissfairtrade.ch\/it\/#\/schema\/person\/dc7912173b5d36be4048d6a648a7ed9d"},"headline":"Journ\u00e9e mondiale du commerce \u00e9quitable 2019","datePublished":"2019-06-17T12:34:31+00:00","dateModified":"2019-06-20T08:41:55+00:00","mainEntityOfPage":{"@id":"https:\/\/www.swissfairtrade.ch\/fr\/journee-mondiale-du-commerce-equitable-2019\/"},"wordCount":526,"publisher":{"@id":"https:\/\/www.swissfairtrade.ch\/it\/#organization"},"image":{"@id":"https:\/\/www.swissfairtrade.ch\/fr\/journee-mondiale-du-commerce-equitable-2019\/#primaryimage"},"thumbnailUrl":"https:\/\/www.swissfairtrade.ch\/wp-content\/uploads\/IMG_0525.jpg","articleSection":["Archive"],"inLanguage":"fr-FR"},{"@type":"WebPage","@id":"https:\/\/www.swissfairtrade.ch\/fr\/journee-mondiale-du-commerce-equitable-2019\/","url":"https:\/\/www.swissfairtrade.ch\/fr\/journee-mondiale-du-commerce-equitable-2019\/","name":"Journ\u00e9e mondiale du commerce \u00e9quitable 2019 - Swiss Fair Trade","isPartOf":{"@id":"https:\/\/www.swissfairtrade.ch\/it\/#website"},"primaryImageOfPage":{"@id":"https:\/\/www.swissfairtrade.ch\/fr\/journee-mondiale-du-commerce-equitable-2019\/#primaryimage"},"image":{"@id":"https:\/\/www.swissfairtrade.ch\/fr\/journee-mondiale-du-commerce-equitable-2019\/#primaryimage"},"thumbnailUrl":"https:\/\/www.swissfairtrade.ch\/wp-content\/uploads\/IMG_0525.jpg","datePublished":"2019-06-17T12:34:31+00:00","dateModified":"2019-06-20T08:41:55+00:00","breadcrumb":{"@id":"https:\/\/www.swissfairtrade.ch\/fr\/journee-mondiale-du-commerce-equitable-2019\/#breadcrumb"},"inLanguage":"fr-FR","potentialAction":[{"@type":"ReadAction","target":["https:\/\/www.swissfairtrade.ch\/fr\/journee-mondiale-du-commerce-equitable-2019\/"]}]},{"@type":"ImageObject","inLanguage":"fr-FR","@id":"https:\/\/www.swissfairtrade.ch\/fr\/journee-mondiale-du-commerce-equitable-2019\/#primaryimage","url":"https:\/\/www.swissfairtrade.ch\/wp-content\/uploads\/IMG_0525.jpg","contentUrl":"https:\/\/www.swissfairtrade.ch\/wp-content\/uploads\/IMG_0525.jpg","width":1632,"height":1224},{"@type":"BreadcrumbList","@id":"https:\/\/www.swissfairtrade.ch\/fr\/journee-mondiale-du-commerce-equitable-2019\/#breadcrumb","itemListElement":[{"@type":"ListItem","position":1,"name":"Home","item":"https:\/\/www.swissfairtrade.ch\/fr\/"},{"@type":"ListItem","position":2,"name":"Journ\u00e9e mondiale du commerce \u00e9quitable 2019"}]},{"@type":"WebSite","@id":"https:\/\/www.swissfairtrade.ch\/it\/#website","url":"https:\/\/www.swissfairtrade.ch\/it\/","name":"Swiss Fair Trade","description":"","publisher":{"@id":"https:\/\/www.swissfairtrade.ch\/it\/#organization"},"potentialAction":[{"@type":"SearchAction","target":{"@type":"EntryPoint","urlTemplate":"https:\/\/www.swissfairtrade.ch\/it\/?s={search_term_string}"},"query-input":{"@type":"PropertyValueSpecification","valueRequired":true,"valueName":"search_term_string"}}],"inLanguage":"fr-FR"},{"@type":"Organization","@id":"https:\/\/www.swissfairtrade.ch\/it\/#organization","name":"Swiss Fair Trade","url":"https:\/\/www.swissfairtrade.ch\/it\/","logo":{"@type":"ImageObject","inLanguage":"fr-FR","@id":"https:\/\/www.swissfairtrade.ch\/it\/#\/schema\/logo\/image\/","url":"https:\/\/www.swissfairtrade.ch\/wp-content\/uploads\/SwissFairTrade-Logo-rgb-203.51.59-web.png","contentUrl":"https:\/\/www.swissfairtrade.ch\/wp-content\/uploads\/SwissFairTrade-Logo-rgb-203.51.59-web.png","width":130,"height":115,"caption":"Swiss Fair Trade"},"image":{"@id":"https:\/\/www.swissfairtrade.ch\/it\/#\/schema\/logo\/image\/"}},{"@type":"Person","@id":"https:\/\/www.swissfairtrade.ch\/it\/#\/schema\/person\/dc7912173b5d36be4048d6a648a7ed9d","name":"Swiss Fair Trade Admin","image":{"@type":"ImageObject","inLanguage":"fr-FR","@id":"https:\/\/www.swissfairtrade.ch\/it\/#\/schema\/person\/image\/","url":"https:\/\/secure.gravatar.com\/avatar\/21706817544124caa9f21ba8a9e2bc5eb34f8e2af2ab8d077048ab89384e7c8a?s=96&d=mm&r=g","contentUrl":"https:\/\/secure.gravatar.com\/avatar\/21706817544124caa9f21ba8a9e2bc5eb34f8e2af2ab8d077048ab89384e7c8a?s=96&d=mm&r=g","caption":"Swiss Fair Trade Admin"}}]}},"_links":{"self":[{"href":"https:\/\/www.swissfairtrade.ch\/fr\/wp-json\/wp\/v2\/posts\/6727","targetHints":{"allow":["GET"]}}],"collection":[{"href":"https:\/\/www.swissfairtrade.ch\/fr\/wp-json\/wp\/v2\/posts"}],"about":[{"href":"https:\/\/www.swissfairtrade.ch\/fr\/wp-json\/wp\/v2\/types\/post"}],"author":[{"embeddable":true,"href":"https:\/\/www.swissfairtrade.ch\/fr\/wp-json\/wp\/v2\/users\/3"}],"replies":[{"embeddable":true,"href":"https:\/\/www.swissfairtrade.ch\/fr\/wp-json\/wp\/v2\/comments?post=6727"}],"version-history":[{"count":0,"href":"https:\/\/www.swissfairtrade.ch\/fr\/wp-json\/wp\/v2\/posts\/6727\/revisions"}],"wp:featuredmedia":[{"embeddable":true,"href":"https:\/\/www.swissfairtrade.ch\/fr\/wp-json\/wp\/v2\/media\/6731"}],"wp:attachment":[{"href":"https:\/\/www.swissfairtrade.ch\/fr\/wp-json\/wp\/v2\/media?parent=6727"}],"wp:term":[{"taxonomy":"category","embeddable":true,"href":"https:\/\/www.swissfairtrade.ch\/fr\/wp-json\/wp\/v2\/categories?post=6727"},{"taxonomy":"post_tag","embeddable":true,"href":"https:\/\/www.swissfairtrade.ch\/fr\/wp-json\/wp\/v2\/tags?post=6727"}],"curies":[{"name":"wp","href":"https:\/\/api.w.org\/{rel}","templated":true}]}}