{"id":4853,"date":"2018-12-11T16:22:50","date_gmt":"2018-12-11T14:22:50","guid":{"rendered":"https:\/\/www.swissfairtrade.ch\/?p=4853"},"modified":"2019-06-20T10:30:49","modified_gmt":"2019-06-20T08:30:49","slug":"cop24","status":"publish","type":"post","link":"https:\/\/www.swissfairtrade.ch\/fr\/cop24\/","title":{"rendered":"Les petits producteurs sont parmi les principales victimes du d\u00e9r\u00e8glement climatique"},"content":{"rendered":"<div class=\"wpb-content-wrapper\"><p>[vc_row css=\u00a0\u00bb.vc_custom_1531834670119{margin-top: 20px !important;}\u00a0\u00bb][vc_column width=\u00a0\u00bb1\/6&Prime;][\/vc_column][vc_column width=\u00a0\u00bb2\/3&Prime;][vc_column_text]<\/p>\n<h4>05. decembre 2018<\/h4>\n<h2 style=\"text-align: center;\"><strong>Les petits producteurs sont parmi les principales victimes du d\u00e9r\u00e8glement climatique<\/strong><\/h2>\n<figure id=\"attachment_4624\" aria-describedby=\"caption-attachment-4624\" style=\"width: 410px\" class=\"wp-caption aligncenter\"><img loading=\"lazy\" decoding=\"async\" class=\"wp-image-4624 size-medium\" src=\"https:\/\/www.swissfairtrade.ch\/wp-content\/uploads\/Bauer-420x280.jpg\" alt=\"\" width=\"420\" height=\"280\" \/><figcaption id=\"caption-attachment-4624\" class=\"wp-caption-text\"><span style=\"display: inline !important; float: none; background-color: transparent; color: #333333; cursor: text; font-family: Georgia,'Times New Roman','Bitstream Charter',Times,serif; font-size: 16px; font-style: normal; font-variant: normal; font-weight: 400; letter-spacing: normal; orphans: 2; text-align: left; text-decoration: none; text-indent: 0px; text-transform: none; -webkit-text-stroke-width: 0px; white-space: normal; word-spacing: 0px;\"> @Archie Binamira<\/span><\/figcaption><\/figure>\n<h4><strong>Revendications du mouvement international du commerce \u00e9quitable \u00e0 la COP 24<\/strong><\/h4>\n<p><em><strong>Les impacts environnementaux, \u00e9conomiques et sociaux du changement climatique menacent l&rsquo;avenir des cha\u00eenes d&rsquo;approvisionnement agricoles et affectent plus particuli\u00e8rement ceux qui ont le moins contribu\u00e9 aux changements climatiques : les petits producteurs et, plus g\u00e9n\u00e9ralement, la population rurale des pays du Sud. Leurs besoins doivent donc \u00eatre pris en compte lors de la 24\u00e8me Conf\u00e9rence des Nations Unies sur le changement climatique (COP 24).<\/strong><\/em><\/p>\n<p><strong>B\u00e2le, 29 novembre 2018.<\/strong> Les petits producteurs, en particulier ceux qui cultivent des exploitations de moins de deux hectares, contribuent \u00e0 une part essentielle des syst\u00e8mes alimentaires et agricoles mondiaux. Pourtant ces populations sont les plus vuln\u00e9rables aux effets du d\u00e9r\u00e8glement climatique et sont particuli\u00e8rement menac\u00e9s par la pauvret\u00e9 et la faim.<\/p>\n<p>Par cons\u00e9quent, il est indispensable de privil\u00e9gier des cha\u00eenes d&rsquo;approvisionnement \u00e9quitables et de veiller \u00e0 ce que les petits agriculteurs et toutes les parties prenantes aient acc\u00e8s aux ressources financi\u00e8res et techniques n\u00e9cessaires pour d\u00e9velopper un mode de production plus r\u00e9silient aux manifestations climatologiques extr\u00eames.<br \/>\nLa justice commerciale est un pas important vers la justice climatique. Nous appelons donc les \u00c9tats participants \u00e0 la Conf\u00e9rence sur le changement climatique \u00e0 reconna\u00eetre les pratiques commerciales \u00e9quitables comme une composante essentielle des strat\u00e9gies d&rsquo;att\u00e9nuation et d\u2019adaptation aux changements climatiques.<br \/>\nLe mouvement international du commerce \u00e9quitable appelle les Etats participants \u00e0 la CCNUCC \u00e0 prendre des mesures lors de la COP24 :<\/p>\n<ol>\n<li>Introduire des m\u00e9canismes incitatifs et contraignants, de transparence et de vigilance afin que les acteurs priv\u00e9s mettent en place des cha\u00eenes d&rsquo;approvisionnement \u00e9quitables et r\u00e9silientes au changement climatique, et veiller \u00e0 ce que les entreprises internationales fassent preuve de diligence ;<\/li>\n<li>Investir dans la recherche agricole dans les zones les plus touch\u00e9es par le changement climatique et promouvoir des pratiques agricoles visant \u00e0 accro\u00eetre la r\u00e9silience des petits agriculteurs ;<\/li>\n<li>Soutenir les familles de petits producteurs et les groupes de population les plus vuln\u00e9rables avec des formations, un appui technique et des ressources financi\u00e8res cibl\u00e9es sur leurs besoins ;<\/li>\n<li>Promouvoir des m\u00e9canismes d&rsquo;internalisation des co\u00fbts r\u00e9sultant d&rsquo;activit\u00e9s \u00e9conomiques in\u00e9quitables et n\u00e9fastes pour le climat ;<\/li>\n<li>Veiller \u00e0 ce que les soci\u00e9t\u00e9s internationales op\u00e9rant dans les pays du Sud paient des imp\u00f4ts en fonction de leur taille et de leurs activit\u00e9s locales, et \u00e0 ce que les gouvernements investissent dans l&rsquo;\u00e9laboration de mod\u00e8les plus r\u00e9silients aux changements climatiques.<\/li>\n<\/ol>\n<p>La 24\u00e8me Conf\u00e9rence des Nations Unies sur les changements climatiques (COP 24) se tiendra du 3 au 14 d\u00e9cembre 2018 \u00e0 Katowice, en Pologne. L&rsquo;avenir de notre plan\u00e8te d\u00e9pend aujourd&rsquo;hui en grande partie des d\u00e9cisions politiques qui seront prises lors de la COP24 et de leur mise en \u0153uvre imm\u00e9diate, ambitieuse et coh\u00e9rente avant la fin de la pr\u00e9sente d\u00e9cennie.<br \/>\nLes organisations soussign\u00e9es soutiennent les revendications expos\u00e9es :<\/p>\n<p>Fairtrade International Fairtrade Belgium<br \/>\nFairtrade Czech &amp; Slovakia<br \/>\nFairtrade Finland<br \/>\nFairtrade Germany (TransFair e.V.)<br \/>\nFairtrade Italy<br \/>\nFairtrade Poland<br \/>\nMax Havelaar France<br \/>\nSwiss Fair Trade<br \/>\nFair World Project<br \/>\nOxfam Belgium<br \/>\nFair Trade Advocacy Office<br \/>\nWorld Fair Trade Organization<br \/>\nWorld Fair Trade Organization Europe<br \/>\nAssociazione Botteghe del Mondo<br \/>\nCommerce \u00c9quitable France<br \/>\nEquo Garantito<br \/>\nF\u00e9d\u00e9ration Artisans du Monde<br \/>\nForum Fairer Handel<br \/>\nGEPA &#8211; The Fair Trade Company<br \/>\nPolish Fair Trade Association<br \/>\nScottish Fair Trade Forum<br \/>\nTraidcraft Exchange<\/p>\n<p>T\u00e9l\u00e9charger la version PDF :\u00a0<a href=\"https:\/\/www.swissfairtrade.ch\/wp-content\/uploads\/D\u00e9claration-politique-du-mouvement-CE-COP24.pdf\" target=\"_blank\" rel=\"noopener\">D\u00e9claration politique du mouvement CE COP24<\/a>[\/vc_column_text][\/vc_column][vc_column width=\u00a0\u00bb1\/6&Prime;][\/vc_column][\/vc_row][vc_row][vc_column][vc_empty_space height=\u00a0\u00bb50px\u00a0\u00bb][vc_separator][vc_column_text]<\/p>\n<h3>Autres Nouveaut\u00e9s<\/h3>\n<p>[\/vc_column_text][vc_basic_grid post_type=\u00a0\u00bbpost\u00a0\u00bb max_items=\u00a0\u00bb9&Prime; gap=\u00a0\u00bb10&Prime; item=\u00a0\u00bb5042&Prime; grid_id=\u00a0\u00bbvc_gid:1561019438541-3514bd7c-6355-10&Prime; taxonomies=\u00a0\u00bb252&Prime;][\/vc_column][\/vc_row]<\/p>\n<\/div>","protected":false},"excerpt":{"rendered":"<p>Les impacts environnementaux, \u00e9conomiques et sociaux du changement climatique menacent l&rsquo;avenir des cha\u00eenes d&rsquo;approvisionnement agricoles et affectent plus particuli\u00e8rement ceux qui ont le moins contribu\u00e9 aux changements climatiques : les petits producteurs et, plus g\u00e9n\u00e9ralement, la population rurale des pays du Sud.<\/p>\n","protected":false},"author":3,"featured_media":4809,"comment_status":"closed","ping_status":"closed","sticky":false,"template":"","format":"standard","meta":{"generate_page_header":"","footnotes":"","_links_to":"","_links_to_target":""},"categories":[251],"tags":[],"class_list":["post-4853","post","type-post","status-publish","format-standard","has-post-thumbnail","hentry","category-archive"],"yoast_head":"<!-- This site is optimized with the Yoast SEO plugin v26.2 - https:\/\/yoast.com\/wordpress\/plugins\/seo\/ -->\n<title>Les petits producteurs sont parmi les principales victimes du d\u00e9r\u00e8glement climatique - Swiss Fair Trade<\/title>\n<meta name=\"robots\" content=\"index, follow, max-snippet:-1, max-image-preview:large, max-video-preview:-1\" \/>\n<link rel=\"canonical\" href=\"https:\/\/www.swissfairtrade.ch\/fr\/cop24\/\" \/>\n<meta property=\"og:locale\" content=\"fr_FR\" \/>\n<meta property=\"og:type\" content=\"article\" \/>\n<meta property=\"og:title\" content=\"Les petits producteurs sont parmi les principales victimes du d\u00e9r\u00e8glement climatique - Swiss Fair Trade\" \/>\n<meta property=\"og:description\" content=\"Les impacts environnementaux, \u00e9conomiques et sociaux du changement climatique menacent l&#039;avenir des cha\u00eenes d&#039;approvisionnement agricoles et affectent plus particuli\u00e8rement ceux qui ont le moins contribu\u00e9 aux changements climatiques : les petits producteurs et, plus g\u00e9n\u00e9ralement, la population rurale des pays du Sud.\" \/>\n<meta property=\"og:url\" content=\"https:\/\/www.swissfairtrade.ch\/fr\/cop24\/\" \/>\n<meta property=\"og:site_name\" content=\"Swiss Fair Trade\" \/>\n<meta property=\"article:published_time\" content=\"2018-12-11T14:22:50+00:00\" \/>\n<meta property=\"article:modified_time\" content=\"2019-06-20T08:30:49+00:00\" \/>\n<meta property=\"og:image\" content=\"https:\/\/www.swissfairtrade.ch\/wp-content\/uploads\/Bauer-1.jpg\" \/>\n\t<meta property=\"og:image:width\" content=\"6000\" \/>\n\t<meta property=\"og:image:height\" content=\"4000\" \/>\n\t<meta property=\"og:image:type\" content=\"image\/jpeg\" \/>\n<meta name=\"author\" content=\"Swiss Fair Trade Admin\" \/>\n<meta name=\"twitter:card\" content=\"summary_large_image\" \/>\n<meta name=\"twitter:label1\" content=\"\u00c9crit par\" \/>\n\t<meta name=\"twitter:data1\" content=\"Swiss Fair Trade Admin\" \/>\n\t<meta name=\"twitter:label2\" content=\"Dur\u00e9e de lecture estim\u00e9e\" \/>\n\t<meta name=\"twitter:data2\" content=\"3 minutes\" \/>\n<script type=\"application\/ld+json\" class=\"yoast-schema-graph\">{\"@context\":\"https:\/\/schema.org\",\"@graph\":[{\"@type\":\"Article\",\"@id\":\"https:\/\/www.swissfairtrade.ch\/fr\/cop24\/#article\",\"isPartOf\":{\"@id\":\"https:\/\/www.swissfairtrade.ch\/fr\/cop24\/\"},\"author\":{\"name\":\"Swiss Fair Trade Admin\",\"@id\":\"https:\/\/www.swissfairtrade.ch\/it\/#\/schema\/person\/dc7912173b5d36be4048d6a648a7ed9d\"},\"headline\":\"Les petits producteurs sont parmi les principales victimes du d\u00e9r\u00e8glement climatique\",\"datePublished\":\"2018-12-11T14:22:50+00:00\",\"dateModified\":\"2019-06-20T08:30:49+00:00\",\"mainEntityOfPage\":{\"@id\":\"https:\/\/www.swissfairtrade.ch\/fr\/cop24\/\"},\"wordCount\":704,\"publisher\":{\"@id\":\"https:\/\/www.swissfairtrade.ch\/it\/#organization\"},\"image\":{\"@id\":\"https:\/\/www.swissfairtrade.ch\/fr\/cop24\/#primaryimage\"},\"thumbnailUrl\":\"https:\/\/www.swissfairtrade.ch\/wp-content\/uploads\/Bauer-1.jpg\",\"articleSection\":[\"Archive\"],\"inLanguage\":\"fr-FR\"},{\"@type\":\"WebPage\",\"@id\":\"https:\/\/www.swissfairtrade.ch\/fr\/cop24\/\",\"url\":\"https:\/\/www.swissfairtrade.ch\/fr\/cop24\/\",\"name\":\"Les petits producteurs sont parmi les principales victimes du d\u00e9r\u00e8glement climatique - Swiss Fair Trade\",\"isPartOf\":{\"@id\":\"https:\/\/www.swissfairtrade.ch\/it\/#website\"},\"primaryImageOfPage\":{\"@id\":\"https:\/\/www.swissfairtrade.ch\/fr\/cop24\/#primaryimage\"},\"image\":{\"@id\":\"https:\/\/www.swissfairtrade.ch\/fr\/cop24\/#primaryimage\"},\"thumbnailUrl\":\"https:\/\/www.swissfairtrade.ch\/wp-content\/uploads\/Bauer-1.jpg\",\"datePublished\":\"2018-12-11T14:22:50+00:00\",\"dateModified\":\"2019-06-20T08:30:49+00:00\",\"breadcrumb\":{\"@id\":\"https:\/\/www.swissfairtrade.ch\/fr\/cop24\/#breadcrumb\"},\"inLanguage\":\"fr-FR\",\"potentialAction\":[{\"@type\":\"ReadAction\",\"target\":[\"https:\/\/www.swissfairtrade.ch\/fr\/cop24\/\"]}]},{\"@type\":\"ImageObject\",\"inLanguage\":\"fr-FR\",\"@id\":\"https:\/\/www.swissfairtrade.ch\/fr\/cop24\/#primaryimage\",\"url\":\"https:\/\/www.swissfairtrade.ch\/wp-content\/uploads\/Bauer-1.jpg\",\"contentUrl\":\"https:\/\/www.swissfairtrade.ch\/wp-content\/uploads\/Bauer-1.jpg\",\"width\":6000,\"height\":4000},{\"@type\":\"BreadcrumbList\",\"@id\":\"https:\/\/www.swissfairtrade.ch\/fr\/cop24\/#breadcrumb\",\"itemListElement\":[{\"@type\":\"ListItem\",\"position\":1,\"name\":\"Home\",\"item\":\"https:\/\/www.swissfairtrade.ch\/fr\/\"},{\"@type\":\"ListItem\",\"position\":2,\"name\":\"Les petits producteurs sont parmi les principales victimes du d\u00e9r\u00e8glement climatique\"}]},{\"@type\":\"WebSite\",\"@id\":\"https:\/\/www.swissfairtrade.ch\/it\/#website\",\"url\":\"https:\/\/www.swissfairtrade.ch\/it\/\",\"name\":\"Swiss Fair Trade\",\"description\":\"\",\"publisher\":{\"@id\":\"https:\/\/www.swissfairtrade.ch\/it\/#organization\"},\"potentialAction\":[{\"@type\":\"SearchAction\",\"target\":{\"@type\":\"EntryPoint\",\"urlTemplate\":\"https:\/\/www.swissfairtrade.ch\/it\/?s={search_term_string}\"},\"query-input\":{\"@type\":\"PropertyValueSpecification\",\"valueRequired\":true,\"valueName\":\"search_term_string\"}}],\"inLanguage\":\"fr-FR\"},{\"@type\":\"Organization\",\"@id\":\"https:\/\/www.swissfairtrade.ch\/it\/#organization\",\"name\":\"Swiss Fair Trade\",\"url\":\"https:\/\/www.swissfairtrade.ch\/it\/\",\"logo\":{\"@type\":\"ImageObject\",\"inLanguage\":\"fr-FR\",\"@id\":\"https:\/\/www.swissfairtrade.ch\/it\/#\/schema\/logo\/image\/\",\"url\":\"https:\/\/www.swissfairtrade.ch\/wp-content\/uploads\/SwissFairTrade-Logo-rgb-203.51.59-web.png\",\"contentUrl\":\"https:\/\/www.swissfairtrade.ch\/wp-content\/uploads\/SwissFairTrade-Logo-rgb-203.51.59-web.png\",\"width\":130,\"height\":115,\"caption\":\"Swiss Fair Trade\"},\"image\":{\"@id\":\"https:\/\/www.swissfairtrade.ch\/it\/#\/schema\/logo\/image\/\"}},{\"@type\":\"Person\",\"@id\":\"https:\/\/www.swissfairtrade.ch\/it\/#\/schema\/person\/dc7912173b5d36be4048d6a648a7ed9d\",\"name\":\"Swiss Fair Trade Admin\",\"image\":{\"@type\":\"ImageObject\",\"inLanguage\":\"fr-FR\",\"@id\":\"https:\/\/www.swissfairtrade.ch\/it\/#\/schema\/person\/image\/\",\"url\":\"https:\/\/secure.gravatar.com\/avatar\/21706817544124caa9f21ba8a9e2bc5eb34f8e2af2ab8d077048ab89384e7c8a?s=96&d=mm&r=g\",\"contentUrl\":\"https:\/\/secure.gravatar.com\/avatar\/21706817544124caa9f21ba8a9e2bc5eb34f8e2af2ab8d077048ab89384e7c8a?s=96&d=mm&r=g\",\"caption\":\"Swiss Fair Trade Admin\"}}]}<\/script>\n<!-- \/ Yoast SEO plugin. -->","yoast_head_json":{"title":"Les petits producteurs sont parmi les principales victimes du d\u00e9r\u00e8glement climatique - Swiss Fair Trade","robots":{"index":"index","follow":"follow","max-snippet":"max-snippet:-1","max-image-preview":"max-image-preview:large","max-video-preview":"max-video-preview:-1"},"canonical":"https:\/\/www.swissfairtrade.ch\/fr\/cop24\/","og_locale":"fr_FR","og_type":"article","og_title":"Les petits producteurs sont parmi les principales victimes du d\u00e9r\u00e8glement climatique - Swiss Fair Trade","og_description":"Les impacts environnementaux, \u00e9conomiques et sociaux du changement climatique menacent l'avenir des cha\u00eenes d'approvisionnement agricoles et affectent plus particuli\u00e8rement ceux qui ont le moins contribu\u00e9 aux changements climatiques : les petits producteurs et, plus g\u00e9n\u00e9ralement, la population rurale des pays du Sud.","og_url":"https:\/\/www.swissfairtrade.ch\/fr\/cop24\/","og_site_name":"Swiss Fair Trade","article_published_time":"2018-12-11T14:22:50+00:00","article_modified_time":"2019-06-20T08:30:49+00:00","og_image":[{"width":6000,"height":4000,"url":"https:\/\/www.swissfairtrade.ch\/wp-content\/uploads\/Bauer-1.jpg","type":"image\/jpeg"}],"author":"Swiss Fair Trade Admin","twitter_card":"summary_large_image","twitter_misc":{"\u00c9crit par":"Swiss Fair Trade Admin","Dur\u00e9e de lecture estim\u00e9e":"3 minutes"},"schema":{"@context":"https:\/\/schema.org","@graph":[{"@type":"Article","@id":"https:\/\/www.swissfairtrade.ch\/fr\/cop24\/#article","isPartOf":{"@id":"https:\/\/www.swissfairtrade.ch\/fr\/cop24\/"},"author":{"name":"Swiss Fair Trade Admin","@id":"https:\/\/www.swissfairtrade.ch\/it\/#\/schema\/person\/dc7912173b5d36be4048d6a648a7ed9d"},"headline":"Les petits producteurs sont parmi les principales victimes du d\u00e9r\u00e8glement climatique","datePublished":"2018-12-11T14:22:50+00:00","dateModified":"2019-06-20T08:30:49+00:00","mainEntityOfPage":{"@id":"https:\/\/www.swissfairtrade.ch\/fr\/cop24\/"},"wordCount":704,"publisher":{"@id":"https:\/\/www.swissfairtrade.ch\/it\/#organization"},"image":{"@id":"https:\/\/www.swissfairtrade.ch\/fr\/cop24\/#primaryimage"},"thumbnailUrl":"https:\/\/www.swissfairtrade.ch\/wp-content\/uploads\/Bauer-1.jpg","articleSection":["Archive"],"inLanguage":"fr-FR"},{"@type":"WebPage","@id":"https:\/\/www.swissfairtrade.ch\/fr\/cop24\/","url":"https:\/\/www.swissfairtrade.ch\/fr\/cop24\/","name":"Les petits producteurs sont parmi les principales victimes du d\u00e9r\u00e8glement climatique - Swiss Fair Trade","isPartOf":{"@id":"https:\/\/www.swissfairtrade.ch\/it\/#website"},"primaryImageOfPage":{"@id":"https:\/\/www.swissfairtrade.ch\/fr\/cop24\/#primaryimage"},"image":{"@id":"https:\/\/www.swissfairtrade.ch\/fr\/cop24\/#primaryimage"},"thumbnailUrl":"https:\/\/www.swissfairtrade.ch\/wp-content\/uploads\/Bauer-1.jpg","datePublished":"2018-12-11T14:22:50+00:00","dateModified":"2019-06-20T08:30:49+00:00","breadcrumb":{"@id":"https:\/\/www.swissfairtrade.ch\/fr\/cop24\/#breadcrumb"},"inLanguage":"fr-FR","potentialAction":[{"@type":"ReadAction","target":["https:\/\/www.swissfairtrade.ch\/fr\/cop24\/"]}]},{"@type":"ImageObject","inLanguage":"fr-FR","@id":"https:\/\/www.swissfairtrade.ch\/fr\/cop24\/#primaryimage","url":"https:\/\/www.swissfairtrade.ch\/wp-content\/uploads\/Bauer-1.jpg","contentUrl":"https:\/\/www.swissfairtrade.ch\/wp-content\/uploads\/Bauer-1.jpg","width":6000,"height":4000},{"@type":"BreadcrumbList","@id":"https:\/\/www.swissfairtrade.ch\/fr\/cop24\/#breadcrumb","itemListElement":[{"@type":"ListItem","position":1,"name":"Home","item":"https:\/\/www.swissfairtrade.ch\/fr\/"},{"@type":"ListItem","position":2,"name":"Les petits producteurs sont parmi les principales victimes du d\u00e9r\u00e8glement climatique"}]},{"@type":"WebSite","@id":"https:\/\/www.swissfairtrade.ch\/it\/#website","url":"https:\/\/www.swissfairtrade.ch\/it\/","name":"Swiss Fair Trade","description":"","publisher":{"@id":"https:\/\/www.swissfairtrade.ch\/it\/#organization"},"potentialAction":[{"@type":"SearchAction","target":{"@type":"EntryPoint","urlTemplate":"https:\/\/www.swissfairtrade.ch\/it\/?s={search_term_string}"},"query-input":{"@type":"PropertyValueSpecification","valueRequired":true,"valueName":"search_term_string"}}],"inLanguage":"fr-FR"},{"@type":"Organization","@id":"https:\/\/www.swissfairtrade.ch\/it\/#organization","name":"Swiss Fair Trade","url":"https:\/\/www.swissfairtrade.ch\/it\/","logo":{"@type":"ImageObject","inLanguage":"fr-FR","@id":"https:\/\/www.swissfairtrade.ch\/it\/#\/schema\/logo\/image\/","url":"https:\/\/www.swissfairtrade.ch\/wp-content\/uploads\/SwissFairTrade-Logo-rgb-203.51.59-web.png","contentUrl":"https:\/\/www.swissfairtrade.ch\/wp-content\/uploads\/SwissFairTrade-Logo-rgb-203.51.59-web.png","width":130,"height":115,"caption":"Swiss Fair Trade"},"image":{"@id":"https:\/\/www.swissfairtrade.ch\/it\/#\/schema\/logo\/image\/"}},{"@type":"Person","@id":"https:\/\/www.swissfairtrade.ch\/it\/#\/schema\/person\/dc7912173b5d36be4048d6a648a7ed9d","name":"Swiss Fair Trade Admin","image":{"@type":"ImageObject","inLanguage":"fr-FR","@id":"https:\/\/www.swissfairtrade.ch\/it\/#\/schema\/person\/image\/","url":"https:\/\/secure.gravatar.com\/avatar\/21706817544124caa9f21ba8a9e2bc5eb34f8e2af2ab8d077048ab89384e7c8a?s=96&d=mm&r=g","contentUrl":"https:\/\/secure.gravatar.com\/avatar\/21706817544124caa9f21ba8a9e2bc5eb34f8e2af2ab8d077048ab89384e7c8a?s=96&d=mm&r=g","caption":"Swiss Fair Trade Admin"}}]}},"_links":{"self":[{"href":"https:\/\/www.swissfairtrade.ch\/fr\/wp-json\/wp\/v2\/posts\/4853","targetHints":{"allow":["GET"]}}],"collection":[{"href":"https:\/\/www.swissfairtrade.ch\/fr\/wp-json\/wp\/v2\/posts"}],"about":[{"href":"https:\/\/www.swissfairtrade.ch\/fr\/wp-json\/wp\/v2\/types\/post"}],"author":[{"embeddable":true,"href":"https:\/\/www.swissfairtrade.ch\/fr\/wp-json\/wp\/v2\/users\/3"}],"replies":[{"embeddable":true,"href":"https:\/\/www.swissfairtrade.ch\/fr\/wp-json\/wp\/v2\/comments?post=4853"}],"version-history":[{"count":0,"href":"https:\/\/www.swissfairtrade.ch\/fr\/wp-json\/wp\/v2\/posts\/4853\/revisions"}],"wp:featuredmedia":[{"embeddable":true,"href":"https:\/\/www.swissfairtrade.ch\/fr\/wp-json\/wp\/v2\/media\/4809"}],"wp:attachment":[{"href":"https:\/\/www.swissfairtrade.ch\/fr\/wp-json\/wp\/v2\/media?parent=4853"}],"wp:term":[{"taxonomy":"category","embeddable":true,"href":"https:\/\/www.swissfairtrade.ch\/fr\/wp-json\/wp\/v2\/categories?post=4853"},{"taxonomy":"post_tag","embeddable":true,"href":"https:\/\/www.swissfairtrade.ch\/fr\/wp-json\/wp\/v2\/tags?post=4853"}],"curies":[{"name":"wp","href":"https:\/\/api.w.org\/{rel}","templated":true}]}}