{"id":4414,"date":"2018-10-23T13:16:19","date_gmt":"2018-10-23T11:16:19","guid":{"rendered":"https:\/\/www.swissfairtrade.ch\/?p=4414"},"modified":"2019-03-19T15:09:06","modified_gmt":"2019-03-19T13:09:06","slug":"le-chiffre-daffaires","status":"publish","type":"post","link":"https:\/\/www.swissfairtrade.ch\/fr\/le-chiffre-daffaires\/","title":{"rendered":"Le chiffre d&rsquo;affaires de produits Fair Trade augmente de 11 pour cent"},"content":{"rendered":"<div class=\"wpb-content-wrapper\"><p>[vc_row css=\u00a0\u00bb.vc_custom_1531834670119{margin-top: 20px !important;}\u00a0\u00bb][vc_column width=\u00a0\u00bb1\/6&Prime;][\/vc_column][vc_column width=\u00a0\u00bb2\/3&Prime;][vc_column_text]<strong>23 octobre 2018<\/strong><\/p>\n<h2>Le chiffre d&rsquo;affaires de produits Fair Trade augmente de 11 pour cent<\/h2>\n<div>\n<p><img loading=\"lazy\" decoding=\"async\" class=\"aligncenter wp-image-4453 size-large\" src=\"https:\/\/www.swissfairtrade.ch\/wp-content\/uploads\/entwicklung_FR-1024x724.jpg\" alt=\"\" width=\"1024\" height=\"724\" srcset=\"https:\/\/www.swissfairtrade.ch\/wp-content\/uploads\/entwicklung_FR-1024x724.jpg 1024w, https:\/\/www.swissfairtrade.ch\/wp-content\/uploads\/entwicklung_FR-396x280.jpg 396w, https:\/\/www.swissfairtrade.ch\/wp-content\/uploads\/entwicklung_FR-768x543.jpg 768w, https:\/\/www.swissfairtrade.ch\/wp-content\/uploads\/entwicklung_FR.jpg 1191w\" sizes=\"auto, (max-width: 1024px) 100vw, 1024px\" \/><\/p>\n<\/div>\n<div>\n<p>&nbsp;<\/p>\n<p>La consommation de produits du commerce \u00e9quitable en Suisse continue \u00e0 cro\u00eetre. En 2017, les d\u00e9penses pour des produits du commerce \u00e9quitable ont augment\u00e9 de 11% pour atteindre 768,4 millions de francs. La consommation de produits du commerce \u00e9quitable par habitant atteint le montant record de 91 francs.<\/p>\n<p><a href=\"https:\/\/www.swissfairtrade.ch\/fr\/fair-trade\/chiffres-daffaires-en-suisse\/\" target=\"_blank\" rel=\"noopener\">Communique de presse<\/a><\/p>\n<\/div>\n<p>[\/vc_column_text][\/vc_column][vc_column width=\u00a0\u00bb1\/6&Prime;][\/vc_column][\/vc_row][vc_row][vc_column][vc_empty_space height=\u00a0\u00bb50px\u00a0\u00bb][vc_separator][vc_column_text]<\/p>\n<h3>Autres nouveaut\u00e9s<\/h3>\n<p>[\/vc_column_text][vc_basic_grid post_type=\u00a0\u00bbpost\u00a0\u00bb max_items=\u00a0\u00bb9&Prime; gap=\u00a0\u00bb10&Prime; item=\u00a0\u00bb5042&Prime; grid_id=\u00a0\u00bbvc_gid:1553000925876-ba4ce468-74b6-9&Prime; taxonomies=\u00a0\u00bb23&Prime;][\/vc_column][\/vc_row]<\/p>\n<\/div>","protected":false},"excerpt":{"rendered":"<p>La consommation de produits du commerce \u00e9quitable en Suisse continue \u00e0 cro\u00eetre.<\/p>\n","protected":false},"author":2,"featured_media":4468,"comment_status":"closed","ping_status":"closed","sticky":false,"template":"","format":"standard","meta":{"generate_page_header":"","footnotes":"","_links_to":"","_links_to_target":""},"categories":[251],"tags":[],"class_list":["post-4414","post","type-post","status-publish","format-standard","has-post-thumbnail","hentry","category-archive"],"yoast_head":"<!-- This site is optimized with the Yoast SEO plugin v26.2 - https:\/\/yoast.com\/wordpress\/plugins\/seo\/ -->\n<title>Le chiffre d&#039;affaires de produits Fair Trade augmente de 11 pour cent - Swiss Fair Trade<\/title>\n<meta name=\"robots\" content=\"index, follow, max-snippet:-1, max-image-preview:large, max-video-preview:-1\" \/>\n<link rel=\"canonical\" href=\"https:\/\/www.swissfairtrade.ch\/fr\/le-chiffre-daffaires\/\" \/>\n<meta property=\"og:locale\" content=\"fr_FR\" \/>\n<meta property=\"og:type\" content=\"article\" \/>\n<meta property=\"og:title\" content=\"Le chiffre d&#039;affaires de produits Fair Trade augmente de 11 pour cent - Swiss Fair Trade\" \/>\n<meta property=\"og:description\" content=\"La consommation de produits du commerce \u00e9quitable en Suisse continue \u00e0 cro\u00eetre.\" \/>\n<meta property=\"og:url\" content=\"https:\/\/www.swissfairtrade.ch\/fr\/le-chiffre-daffaires\/\" \/>\n<meta property=\"og:site_name\" content=\"Swiss Fair Trade\" \/>\n<meta property=\"article:published_time\" content=\"2018-10-23T11:16:19+00:00\" \/>\n<meta property=\"article:modified_time\" content=\"2019-03-19T13:09:06+00:00\" \/>\n<meta property=\"og:image\" content=\"https:\/\/www.swissfairtrade.ch\/wp-content\/uploads\/entwicklung_DE_beitragsbild-1.jpg\" \/>\n\t<meta property=\"og:image:width\" content=\"1191\" \/>\n\t<meta property=\"og:image:height\" content=\"513\" \/>\n\t<meta property=\"og:image:type\" content=\"image\/jpeg\" \/>\n<meta name=\"author\" content=\"noelia\" \/>\n<meta name=\"twitter:card\" content=\"summary_large_image\" \/>\n<meta name=\"twitter:label1\" content=\"\u00c9crit par\" \/>\n\t<meta name=\"twitter:data1\" content=\"noelia\" \/>\n\t<meta name=\"twitter:label2\" content=\"Dur\u00e9e de lecture estim\u00e9e\" \/>\n\t<meta name=\"twitter:data2\" content=\"1 minute\" \/>\n<script type=\"application\/ld+json\" class=\"yoast-schema-graph\">{\"@context\":\"https:\/\/schema.org\",\"@graph\":[{\"@type\":\"Article\",\"@id\":\"https:\/\/www.swissfairtrade.ch\/fr\/le-chiffre-daffaires\/#article\",\"isPartOf\":{\"@id\":\"https:\/\/www.swissfairtrade.ch\/fr\/le-chiffre-daffaires\/\"},\"author\":{\"name\":\"noelia\",\"@id\":\"https:\/\/www.swissfairtrade.ch\/it\/#\/schema\/person\/b8a44c760a1cab544125fe074ec9e834\"},\"headline\":\"Le chiffre d&rsquo;affaires de produits Fair Trade augmente de 11 pour cent\",\"datePublished\":\"2018-10-23T11:16:19+00:00\",\"dateModified\":\"2019-03-19T13:09:06+00:00\",\"mainEntityOfPage\":{\"@id\":\"https:\/\/www.swissfairtrade.ch\/fr\/le-chiffre-daffaires\/\"},\"wordCount\":149,\"publisher\":{\"@id\":\"https:\/\/www.swissfairtrade.ch\/it\/#organization\"},\"image\":{\"@id\":\"https:\/\/www.swissfairtrade.ch\/fr\/le-chiffre-daffaires\/#primaryimage\"},\"thumbnailUrl\":\"https:\/\/www.swissfairtrade.ch\/wp-content\/uploads\/entwicklung_DE_beitragsbild-1.jpg\",\"articleSection\":[\"Archive\"],\"inLanguage\":\"fr-FR\"},{\"@type\":\"WebPage\",\"@id\":\"https:\/\/www.swissfairtrade.ch\/fr\/le-chiffre-daffaires\/\",\"url\":\"https:\/\/www.swissfairtrade.ch\/fr\/le-chiffre-daffaires\/\",\"name\":\"Le chiffre d'affaires de produits Fair Trade augmente de 11 pour cent - Swiss Fair Trade\",\"isPartOf\":{\"@id\":\"https:\/\/www.swissfairtrade.ch\/it\/#website\"},\"primaryImageOfPage\":{\"@id\":\"https:\/\/www.swissfairtrade.ch\/fr\/le-chiffre-daffaires\/#primaryimage\"},\"image\":{\"@id\":\"https:\/\/www.swissfairtrade.ch\/fr\/le-chiffre-daffaires\/#primaryimage\"},\"thumbnailUrl\":\"https:\/\/www.swissfairtrade.ch\/wp-content\/uploads\/entwicklung_DE_beitragsbild-1.jpg\",\"datePublished\":\"2018-10-23T11:16:19+00:00\",\"dateModified\":\"2019-03-19T13:09:06+00:00\",\"breadcrumb\":{\"@id\":\"https:\/\/www.swissfairtrade.ch\/fr\/le-chiffre-daffaires\/#breadcrumb\"},\"inLanguage\":\"fr-FR\",\"potentialAction\":[{\"@type\":\"ReadAction\",\"target\":[\"https:\/\/www.swissfairtrade.ch\/fr\/le-chiffre-daffaires\/\"]}]},{\"@type\":\"ImageObject\",\"inLanguage\":\"fr-FR\",\"@id\":\"https:\/\/www.swissfairtrade.ch\/fr\/le-chiffre-daffaires\/#primaryimage\",\"url\":\"https:\/\/www.swissfairtrade.ch\/wp-content\/uploads\/entwicklung_DE_beitragsbild-1.jpg\",\"contentUrl\":\"https:\/\/www.swissfairtrade.ch\/wp-content\/uploads\/entwicklung_DE_beitragsbild-1.jpg\",\"width\":1191,\"height\":513},{\"@type\":\"BreadcrumbList\",\"@id\":\"https:\/\/www.swissfairtrade.ch\/fr\/le-chiffre-daffaires\/#breadcrumb\",\"itemListElement\":[{\"@type\":\"ListItem\",\"position\":1,\"name\":\"Home\",\"item\":\"https:\/\/www.swissfairtrade.ch\/fr\/\"},{\"@type\":\"ListItem\",\"position\":2,\"name\":\"Le chiffre d&rsquo;affaires de produits Fair Trade augmente de 11 pour cent\"}]},{\"@type\":\"WebSite\",\"@id\":\"https:\/\/www.swissfairtrade.ch\/it\/#website\",\"url\":\"https:\/\/www.swissfairtrade.ch\/it\/\",\"name\":\"Swiss Fair Trade\",\"description\":\"\",\"publisher\":{\"@id\":\"https:\/\/www.swissfairtrade.ch\/it\/#organization\"},\"potentialAction\":[{\"@type\":\"SearchAction\",\"target\":{\"@type\":\"EntryPoint\",\"urlTemplate\":\"https:\/\/www.swissfairtrade.ch\/it\/?s={search_term_string}\"},\"query-input\":{\"@type\":\"PropertyValueSpecification\",\"valueRequired\":true,\"valueName\":\"search_term_string\"}}],\"inLanguage\":\"fr-FR\"},{\"@type\":\"Organization\",\"@id\":\"https:\/\/www.swissfairtrade.ch\/it\/#organization\",\"name\":\"Swiss Fair Trade\",\"url\":\"https:\/\/www.swissfairtrade.ch\/it\/\",\"logo\":{\"@type\":\"ImageObject\",\"inLanguage\":\"fr-FR\",\"@id\":\"https:\/\/www.swissfairtrade.ch\/it\/#\/schema\/logo\/image\/\",\"url\":\"https:\/\/www.swissfairtrade.ch\/wp-content\/uploads\/SwissFairTrade-Logo-rgb-203.51.59-web.png\",\"contentUrl\":\"https:\/\/www.swissfairtrade.ch\/wp-content\/uploads\/SwissFairTrade-Logo-rgb-203.51.59-web.png\",\"width\":130,\"height\":115,\"caption\":\"Swiss Fair Trade\"},\"image\":{\"@id\":\"https:\/\/www.swissfairtrade.ch\/it\/#\/schema\/logo\/image\/\"}},{\"@type\":\"Person\",\"@id\":\"https:\/\/www.swissfairtrade.ch\/it\/#\/schema\/person\/b8a44c760a1cab544125fe074ec9e834\",\"name\":\"noelia\",\"image\":{\"@type\":\"ImageObject\",\"inLanguage\":\"fr-FR\",\"@id\":\"https:\/\/www.swissfairtrade.ch\/it\/#\/schema\/person\/image\/\",\"url\":\"https:\/\/secure.gravatar.com\/avatar\/e68b7adc9fa4d8bc487489c6a1b2110a091dd1f5993c00d1b9fea2a6102f9345?s=96&d=mm&r=g\",\"contentUrl\":\"https:\/\/secure.gravatar.com\/avatar\/e68b7adc9fa4d8bc487489c6a1b2110a091dd1f5993c00d1b9fea2a6102f9345?s=96&d=mm&r=g\",\"caption\":\"noelia\"}}]}<\/script>\n<!-- \/ Yoast SEO plugin. -->","yoast_head_json":{"title":"Le chiffre d'affaires de produits Fair Trade augmente de 11 pour cent - Swiss Fair Trade","robots":{"index":"index","follow":"follow","max-snippet":"max-snippet:-1","max-image-preview":"max-image-preview:large","max-video-preview":"max-video-preview:-1"},"canonical":"https:\/\/www.swissfairtrade.ch\/fr\/le-chiffre-daffaires\/","og_locale":"fr_FR","og_type":"article","og_title":"Le chiffre d'affaires de produits Fair Trade augmente de 11 pour cent - Swiss Fair Trade","og_description":"La consommation de produits du commerce \u00e9quitable en Suisse continue \u00e0 cro\u00eetre.","og_url":"https:\/\/www.swissfairtrade.ch\/fr\/le-chiffre-daffaires\/","og_site_name":"Swiss Fair Trade","article_published_time":"2018-10-23T11:16:19+00:00","article_modified_time":"2019-03-19T13:09:06+00:00","og_image":[{"width":1191,"height":513,"url":"https:\/\/www.swissfairtrade.ch\/wp-content\/uploads\/entwicklung_DE_beitragsbild-1.jpg","type":"image\/jpeg"}],"author":"noelia","twitter_card":"summary_large_image","twitter_misc":{"\u00c9crit par":"noelia","Dur\u00e9e de lecture estim\u00e9e":"1 minute"},"schema":{"@context":"https:\/\/schema.org","@graph":[{"@type":"Article","@id":"https:\/\/www.swissfairtrade.ch\/fr\/le-chiffre-daffaires\/#article","isPartOf":{"@id":"https:\/\/www.swissfairtrade.ch\/fr\/le-chiffre-daffaires\/"},"author":{"name":"noelia","@id":"https:\/\/www.swissfairtrade.ch\/it\/#\/schema\/person\/b8a44c760a1cab544125fe074ec9e834"},"headline":"Le chiffre d&rsquo;affaires de produits Fair Trade augmente de 11 pour cent","datePublished":"2018-10-23T11:16:19+00:00","dateModified":"2019-03-19T13:09:06+00:00","mainEntityOfPage":{"@id":"https:\/\/www.swissfairtrade.ch\/fr\/le-chiffre-daffaires\/"},"wordCount":149,"publisher":{"@id":"https:\/\/www.swissfairtrade.ch\/it\/#organization"},"image":{"@id":"https:\/\/www.swissfairtrade.ch\/fr\/le-chiffre-daffaires\/#primaryimage"},"thumbnailUrl":"https:\/\/www.swissfairtrade.ch\/wp-content\/uploads\/entwicklung_DE_beitragsbild-1.jpg","articleSection":["Archive"],"inLanguage":"fr-FR"},{"@type":"WebPage","@id":"https:\/\/www.swissfairtrade.ch\/fr\/le-chiffre-daffaires\/","url":"https:\/\/www.swissfairtrade.ch\/fr\/le-chiffre-daffaires\/","name":"Le chiffre d'affaires de produits Fair Trade augmente de 11 pour cent - Swiss Fair Trade","isPartOf":{"@id":"https:\/\/www.swissfairtrade.ch\/it\/#website"},"primaryImageOfPage":{"@id":"https:\/\/www.swissfairtrade.ch\/fr\/le-chiffre-daffaires\/#primaryimage"},"image":{"@id":"https:\/\/www.swissfairtrade.ch\/fr\/le-chiffre-daffaires\/#primaryimage"},"thumbnailUrl":"https:\/\/www.swissfairtrade.ch\/wp-content\/uploads\/entwicklung_DE_beitragsbild-1.jpg","datePublished":"2018-10-23T11:16:19+00:00","dateModified":"2019-03-19T13:09:06+00:00","breadcrumb":{"@id":"https:\/\/www.swissfairtrade.ch\/fr\/le-chiffre-daffaires\/#breadcrumb"},"inLanguage":"fr-FR","potentialAction":[{"@type":"ReadAction","target":["https:\/\/www.swissfairtrade.ch\/fr\/le-chiffre-daffaires\/"]}]},{"@type":"ImageObject","inLanguage":"fr-FR","@id":"https:\/\/www.swissfairtrade.ch\/fr\/le-chiffre-daffaires\/#primaryimage","url":"https:\/\/www.swissfairtrade.ch\/wp-content\/uploads\/entwicklung_DE_beitragsbild-1.jpg","contentUrl":"https:\/\/www.swissfairtrade.ch\/wp-content\/uploads\/entwicklung_DE_beitragsbild-1.jpg","width":1191,"height":513},{"@type":"BreadcrumbList","@id":"https:\/\/www.swissfairtrade.ch\/fr\/le-chiffre-daffaires\/#breadcrumb","itemListElement":[{"@type":"ListItem","position":1,"name":"Home","item":"https:\/\/www.swissfairtrade.ch\/fr\/"},{"@type":"ListItem","position":2,"name":"Le chiffre d&rsquo;affaires de produits Fair Trade augmente de 11 pour cent"}]},{"@type":"WebSite","@id":"https:\/\/www.swissfairtrade.ch\/it\/#website","url":"https:\/\/www.swissfairtrade.ch\/it\/","name":"Swiss Fair Trade","description":"","publisher":{"@id":"https:\/\/www.swissfairtrade.ch\/it\/#organization"},"potentialAction":[{"@type":"SearchAction","target":{"@type":"EntryPoint","urlTemplate":"https:\/\/www.swissfairtrade.ch\/it\/?s={search_term_string}"},"query-input":{"@type":"PropertyValueSpecification","valueRequired":true,"valueName":"search_term_string"}}],"inLanguage":"fr-FR"},{"@type":"Organization","@id":"https:\/\/www.swissfairtrade.ch\/it\/#organization","name":"Swiss Fair Trade","url":"https:\/\/www.swissfairtrade.ch\/it\/","logo":{"@type":"ImageObject","inLanguage":"fr-FR","@id":"https:\/\/www.swissfairtrade.ch\/it\/#\/schema\/logo\/image\/","url":"https:\/\/www.swissfairtrade.ch\/wp-content\/uploads\/SwissFairTrade-Logo-rgb-203.51.59-web.png","contentUrl":"https:\/\/www.swissfairtrade.ch\/wp-content\/uploads\/SwissFairTrade-Logo-rgb-203.51.59-web.png","width":130,"height":115,"caption":"Swiss Fair Trade"},"image":{"@id":"https:\/\/www.swissfairtrade.ch\/it\/#\/schema\/logo\/image\/"}},{"@type":"Person","@id":"https:\/\/www.swissfairtrade.ch\/it\/#\/schema\/person\/b8a44c760a1cab544125fe074ec9e834","name":"noelia","image":{"@type":"ImageObject","inLanguage":"fr-FR","@id":"https:\/\/www.swissfairtrade.ch\/it\/#\/schema\/person\/image\/","url":"https:\/\/secure.gravatar.com\/avatar\/e68b7adc9fa4d8bc487489c6a1b2110a091dd1f5993c00d1b9fea2a6102f9345?s=96&d=mm&r=g","contentUrl":"https:\/\/secure.gravatar.com\/avatar\/e68b7adc9fa4d8bc487489c6a1b2110a091dd1f5993c00d1b9fea2a6102f9345?s=96&d=mm&r=g","caption":"noelia"}}]}},"_links":{"self":[{"href":"https:\/\/www.swissfairtrade.ch\/fr\/wp-json\/wp\/v2\/posts\/4414","targetHints":{"allow":["GET"]}}],"collection":[{"href":"https:\/\/www.swissfairtrade.ch\/fr\/wp-json\/wp\/v2\/posts"}],"about":[{"href":"https:\/\/www.swissfairtrade.ch\/fr\/wp-json\/wp\/v2\/types\/post"}],"author":[{"embeddable":true,"href":"https:\/\/www.swissfairtrade.ch\/fr\/wp-json\/wp\/v2\/users\/2"}],"replies":[{"embeddable":true,"href":"https:\/\/www.swissfairtrade.ch\/fr\/wp-json\/wp\/v2\/comments?post=4414"}],"version-history":[{"count":0,"href":"https:\/\/www.swissfairtrade.ch\/fr\/wp-json\/wp\/v2\/posts\/4414\/revisions"}],"wp:featuredmedia":[{"embeddable":true,"href":"https:\/\/www.swissfairtrade.ch\/fr\/wp-json\/wp\/v2\/media\/4468"}],"wp:attachment":[{"href":"https:\/\/www.swissfairtrade.ch\/fr\/wp-json\/wp\/v2\/media?parent=4414"}],"wp:term":[{"taxonomy":"category","embeddable":true,"href":"https:\/\/www.swissfairtrade.ch\/fr\/wp-json\/wp\/v2\/categories?post=4414"},{"taxonomy":"post_tag","embeddable":true,"href":"https:\/\/www.swissfairtrade.ch\/fr\/wp-json\/wp\/v2\/tags?post=4414"}],"curies":[{"name":"wp","href":"https:\/\/api.w.org\/{rel}","templated":true}]}}