{"id":14364,"date":"2025-11-18T15:09:16","date_gmt":"2025-11-18T14:09:16","guid":{"rendered":"https:\/\/www.swissfairtrade.ch\/?p=14364"},"modified":"2026-03-26T12:35:24","modified_gmt":"2026-03-26T11:35:24","slug":"notre-voyage-dapprentissage-dans-les-centres-de-recyclage-textile-et-de-confection-de-tanger","status":"publish","type":"post","link":"https:\/\/www.swissfairtrade.ch\/fr\/notre-voyage-dapprentissage-dans-les-centres-de-recyclage-textile-et-de-confection-de-tanger\/","title":{"rendered":"Derri\u00e8re les coutures : notre voyage d\u2019apprentissage dans les centres de recyclage textile et de confection de Tanger"},"content":{"rendered":"<div class=\"wpb-content-wrapper\"><p>[vc_row][vc_column width=\u00a0\u00bb1\/6&Prime;][\/vc_column][vc_column width=\u00a0\u00bb2\/3&Prime;][vc_column_text css=\u00a0\u00bb\u00a0\u00bb]<\/p>\n<h2 style=\"text-align: center;\">Derri\u00e8re les coutures : notre voyage d\u2019apprentissage dans les centres de recyclage textile et de confection de Tanger<\/h2>\n<p>&nbsp;<\/p>\n<p><strong><img loading=\"lazy\" decoding=\"async\" class=\"size-full wp-image-14218 aligncenter\" src=\"https:\/\/www.swissfairtrade.ch\/wp-content\/uploads\/Tanger.jpg\" alt=\"\" width=\"540\" height=\"471\" srcset=\"https:\/\/www.swissfairtrade.ch\/wp-content\/uploads\/Tanger.jpg 540w, https:\/\/www.swissfairtrade.ch\/wp-content\/uploads\/Tanger-321x280.jpg 321w\" sizes=\"auto, (max-width: 540px) 100vw, 540px\" \/><\/strong><\/p>\n<p>&nbsp;<\/p>\n<p>&nbsp;<\/p>\n<p><strong>Saviez-vous que le Maroc est le huiti\u00e8me exportateur de textiles vers l\u2019UE \u2013 et que 65 % de ses exportations sont destin\u00e9es \u00e0 l\u2019Europe ?<\/strong><\/p>\n<p>&nbsp;<\/p>\n<p>Le pays d\u2019Afrique du Nord n\u2019est pas seulement un site d\u2019approvisionnement important pour de nombreuses marques de mode europ\u00e9ennes, mais souvent un site strat\u00e9gique d\u00e9terminant. Ce secteur cr\u00e9e ainsi des <strong>dizaines de milliers d\u2019emplois<\/strong> et constitue un moteur \u00e9conomique central.<\/p>\n<p>Afin de mieux comprendre la situation actuelle et les \u00e9volutions possibles de cette cha\u00eene d\u2019approvisionnement essentielle, notre coll\u00e8gue Anja Seiler a visit\u00e9 en octobre, dans le cadre d\u2019un voyage d\u2019apprentissage avec Sustainable Textiles Switzerland 2030, des usines de recyclage textile et de confection dans le centre dynamique de Tanger.<\/p>\n<p>&nbsp;<\/p>\n<p><strong>Les principales \u00e9volutions dans le secteur textile marocain :<\/strong><\/p>\n<ul>\n<li>Respect des droits humains fondamentaux : Bien que de nombreux rapports fassent \u00e9tat de bas salaires, d\u2019un important secteur informel et de conditions de travail pr\u00e9caires au Maroc, les usines visit\u00e9es se distinguent par des standards avanc\u00e9s en mati\u00e8re de s\u00e9curit\u00e9 au travail et de participation des collaborateur\u00b7trice\u00b7s.<\/li>\n<li>Diversification comme objectif : Le secteur d\u00e9pend actuellement fortement de grands acteurs tels qu\u2019Inditex. Des efforts sont d\u00e9sormais entrepris pour \u00e9largir et diversifier la base de client\u00e8le.<\/li>\n<li>Int\u00e9gration verticale : L\u2019accent doit \u00e9voluer \u2013 passer de la simple coupe et couture vers une production future de tissus au Maroc.<\/li>\n<li>Les collaborateur\u00b7trice\u00b7s comme cl\u00e9 du succ\u00e8s : De nombreuses usines soulignent que des employ\u00e9\u00b7e\u00b7s qualifi\u00e9\u00b7e\u00b7s sont essentiels \u00e0 la r\u00e9ussite. Dans les entreprises visit\u00e9es, des salaires nettement sup\u00e9rieurs au minimum l\u00e9gal sont vers\u00e9s. L\u2019objectif : \u00e9voluer avec les \u00e9quipes afin de produire progressivement des articles de qualit\u00e9 sup\u00e9rieure.<\/li>\n<li>S\u00e9curit\u00e9 de planification : Les client\u00b7e\u00b7s qui s\u2019engagent dans des contrats pluriannuels sont particuli\u00e8rement appr\u00e9ci\u00e9\u00b7e\u00b7s, car cela garantit la s\u00e9curit\u00e9 de planification et d\u2019investissement n\u00e9cessaire pour l\u2019avenir.<\/li>\n<\/ul>\n<p>Le secteur \u00e0 Tanger se trouve \u00e0 un tournant majeur vers davantage de cr\u00e9ation de valeur locale et d\u2019am\u00e9lioration de la qualit\u00e9.<\/p>\n<p>Chez Swiss Fair Trade, nous sommes convaincu\u00b7e\u00b7s que le succ\u00e8s durable ne peut \u00eatre atteint qu\u2019en associant conditions de travail \u00e9quitables et cr\u00e9ation de valeur transparente.<\/p>\n<p>Vous avez des questions \u00e0 ce sujet ? N\u2019h\u00e9sitez pas \u00e0 nous contacter \u2013 nous vous accompagnons volontiers sur la voie d\u2019un avenir responsable.<\/p>\n<p>*Cet article a \u00e9t\u00e9 traduit avec l\u2019aide de l\u2019intelligence artificielle.[\/vc_column_text][\/vc_column][vc_column width=\u00a0\u00bb1\/6&Prime;][\/vc_column][\/vc_row][vc_row][vc_column][vc_gallery interval=\u00a0\u00bb3&Prime; images=\u00a0\u00bb14199,14202,14208,14211&Prime; css=\u00a0\u00bb\u00a0\u00bb][\/vc_column][\/vc_row][vc_row][vc_column][vc_basic_grid post_type=\u00a0\u00bbpost\u00a0\u00bb max_items=\u00a0\u00bb9&Prime; css=\u00a0\u00bb\u00a0\u00bb grid_id=\u00a0\u00bbvc_gid:1770819770421-934b71eb-e400-10&Prime; taxonomies=\u00a0\u00bb252&Prime;][\/vc_column][\/vc_row]<\/p>\n<\/div>","protected":false},"excerpt":{"rendered":"<p>Le pays d\u2019Afrique du Nord n\u2019est pas seulement un site d\u2019approvisionnement important pour de nombreuses marques de mode europ\u00e9ennes, mais souvent un site strat\u00e9gique d\u00e9terminant. Ce secteur cr\u00e9e ainsi des dizaines de milliers d\u2019emplois et constitue un moteur \u00e9conomique central.<\/p>\n","protected":false},"author":3,"featured_media":14218,"comment_status":"closed","ping_status":"closed","sticky":false,"template":"","format":"standard","meta":{"generate_page_header":"","footnotes":"","_links_to":"","_links_to_target":""},"categories":[252],"tags":[],"class_list":["post-14364","post","type-post","status-publish","format-standard","has-post-thumbnail","hentry","category-blog-fr"],"yoast_head":"<!-- This site is optimized with the Yoast SEO plugin v26.2 - https:\/\/yoast.com\/wordpress\/plugins\/seo\/ -->\n<title>Visite des usines de recyclage textile et de confection au Maroc<\/title>\n<meta name=\"description\" content=\"Saviez-vous que le Maroc est le huiti\u00e8me exportateur de textiles vers l\u2019UE \u2013 et que 65 % de ses exportations sont destin\u00e9es \u00e0 l\u2019Europe ?\" \/>\n<meta name=\"robots\" content=\"index, follow, max-snippet:-1, max-image-preview:large, max-video-preview:-1\" \/>\n<link rel=\"canonical\" href=\"https:\/\/www.swissfairtrade.ch\/fr\/notre-voyage-dapprentissage-dans-les-centres-de-recyclage-textile-et-de-confection-de-tanger\/\" \/>\n<meta property=\"og:locale\" content=\"fr_FR\" \/>\n<meta property=\"og:type\" content=\"article\" \/>\n<meta property=\"og:title\" content=\"Visite des usines de recyclage textile et de confection au Maroc\" \/>\n<meta property=\"og:description\" content=\"Saviez-vous que le Maroc est le huiti\u00e8me exportateur de textiles vers l\u2019UE \u2013 et que 65 % de ses exportations sont destin\u00e9es \u00e0 l\u2019Europe ?\" \/>\n<meta property=\"og:url\" content=\"https:\/\/www.swissfairtrade.ch\/fr\/notre-voyage-dapprentissage-dans-les-centres-de-recyclage-textile-et-de-confection-de-tanger\/\" \/>\n<meta property=\"og:site_name\" content=\"Swiss Fair Trade\" \/>\n<meta property=\"article:published_time\" content=\"2025-11-18T14:09:16+00:00\" \/>\n<meta property=\"article:modified_time\" content=\"2026-03-26T11:35:24+00:00\" \/>\n<meta property=\"og:image\" content=\"https:\/\/www.swissfairtrade.ch\/wp-content\/uploads\/Tanger.jpg\" \/>\n\t<meta property=\"og:image:width\" content=\"540\" \/>\n\t<meta property=\"og:image:height\" content=\"471\" \/>\n\t<meta property=\"og:image:type\" content=\"image\/jpeg\" \/>\n<meta name=\"author\" content=\"Swiss Fair Trade Admin\" \/>\n<meta name=\"twitter:card\" content=\"summary_large_image\" \/>\n<meta name=\"twitter:label1\" content=\"\u00c9crit par\" \/>\n\t<meta name=\"twitter:data1\" content=\"Swiss Fair Trade Admin\" \/>\n\t<meta name=\"twitter:label2\" content=\"Dur\u00e9e de lecture estim\u00e9e\" \/>\n\t<meta name=\"twitter:data2\" content=\"3 minutes\" \/>\n<script type=\"application\/ld+json\" class=\"yoast-schema-graph\">{\"@context\":\"https:\/\/schema.org\",\"@graph\":[{\"@type\":\"Article\",\"@id\":\"https:\/\/www.swissfairtrade.ch\/fr\/notre-voyage-dapprentissage-dans-les-centres-de-recyclage-textile-et-de-confection-de-tanger\/#article\",\"isPartOf\":{\"@id\":\"https:\/\/www.swissfairtrade.ch\/fr\/notre-voyage-dapprentissage-dans-les-centres-de-recyclage-textile-et-de-confection-de-tanger\/\"},\"author\":{\"name\":\"Swiss Fair Trade Admin\",\"@id\":\"https:\/\/www.swissfairtrade.ch\/it\/#\/schema\/person\/dc7912173b5d36be4048d6a648a7ed9d\"},\"headline\":\"Derri\u00e8re les coutures : notre voyage d\u2019apprentissage dans les centres de recyclage textile et de confection de Tanger\",\"datePublished\":\"2025-11-18T14:09:16+00:00\",\"dateModified\":\"2026-03-26T11:35:24+00:00\",\"mainEntityOfPage\":{\"@id\":\"https:\/\/www.swissfairtrade.ch\/fr\/notre-voyage-dapprentissage-dans-les-centres-de-recyclage-textile-et-de-confection-de-tanger\/\"},\"wordCount\":534,\"publisher\":{\"@id\":\"https:\/\/www.swissfairtrade.ch\/it\/#organization\"},\"image\":{\"@id\":\"https:\/\/www.swissfairtrade.ch\/fr\/notre-voyage-dapprentissage-dans-les-centres-de-recyclage-textile-et-de-confection-de-tanger\/#primaryimage\"},\"thumbnailUrl\":\"https:\/\/www.swissfairtrade.ch\/wp-content\/uploads\/Tanger.jpg\",\"articleSection\":[\"Blog FR\"],\"inLanguage\":\"fr-FR\"},{\"@type\":\"WebPage\",\"@id\":\"https:\/\/www.swissfairtrade.ch\/fr\/notre-voyage-dapprentissage-dans-les-centres-de-recyclage-textile-et-de-confection-de-tanger\/\",\"url\":\"https:\/\/www.swissfairtrade.ch\/fr\/notre-voyage-dapprentissage-dans-les-centres-de-recyclage-textile-et-de-confection-de-tanger\/\",\"name\":\"Visite des usines de recyclage textile et de confection au Maroc\",\"isPartOf\":{\"@id\":\"https:\/\/www.swissfairtrade.ch\/it\/#website\"},\"primaryImageOfPage\":{\"@id\":\"https:\/\/www.swissfairtrade.ch\/fr\/notre-voyage-dapprentissage-dans-les-centres-de-recyclage-textile-et-de-confection-de-tanger\/#primaryimage\"},\"image\":{\"@id\":\"https:\/\/www.swissfairtrade.ch\/fr\/notre-voyage-dapprentissage-dans-les-centres-de-recyclage-textile-et-de-confection-de-tanger\/#primaryimage\"},\"thumbnailUrl\":\"https:\/\/www.swissfairtrade.ch\/wp-content\/uploads\/Tanger.jpg\",\"datePublished\":\"2025-11-18T14:09:16+00:00\",\"dateModified\":\"2026-03-26T11:35:24+00:00\",\"description\":\"Saviez-vous que le Maroc est le huiti\u00e8me exportateur de textiles vers l\u2019UE \u2013 et que 65 % de ses exportations sont destin\u00e9es \u00e0 l\u2019Europe ?\",\"breadcrumb\":{\"@id\":\"https:\/\/www.swissfairtrade.ch\/fr\/notre-voyage-dapprentissage-dans-les-centres-de-recyclage-textile-et-de-confection-de-tanger\/#breadcrumb\"},\"inLanguage\":\"fr-FR\",\"potentialAction\":[{\"@type\":\"ReadAction\",\"target\":[\"https:\/\/www.swissfairtrade.ch\/fr\/notre-voyage-dapprentissage-dans-les-centres-de-recyclage-textile-et-de-confection-de-tanger\/\"]}]},{\"@type\":\"ImageObject\",\"inLanguage\":\"fr-FR\",\"@id\":\"https:\/\/www.swissfairtrade.ch\/fr\/notre-voyage-dapprentissage-dans-les-centres-de-recyclage-textile-et-de-confection-de-tanger\/#primaryimage\",\"url\":\"https:\/\/www.swissfairtrade.ch\/wp-content\/uploads\/Tanger.jpg\",\"contentUrl\":\"https:\/\/www.swissfairtrade.ch\/wp-content\/uploads\/Tanger.jpg\",\"width\":540,\"height\":471},{\"@type\":\"BreadcrumbList\",\"@id\":\"https:\/\/www.swissfairtrade.ch\/fr\/notre-voyage-dapprentissage-dans-les-centres-de-recyclage-textile-et-de-confection-de-tanger\/#breadcrumb\",\"itemListElement\":[{\"@type\":\"ListItem\",\"position\":1,\"name\":\"Home\",\"item\":\"https:\/\/www.swissfairtrade.ch\/fr\/\"},{\"@type\":\"ListItem\",\"position\":2,\"name\":\"Derri\u00e8re les coutures : notre voyage d\u2019apprentissage dans les centres de recyclage textile et de confection de Tanger\"}]},{\"@type\":\"WebSite\",\"@id\":\"https:\/\/www.swissfairtrade.ch\/it\/#website\",\"url\":\"https:\/\/www.swissfairtrade.ch\/it\/\",\"name\":\"Swiss Fair Trade\",\"description\":\"\",\"publisher\":{\"@id\":\"https:\/\/www.swissfairtrade.ch\/it\/#organization\"},\"potentialAction\":[{\"@type\":\"SearchAction\",\"target\":{\"@type\":\"EntryPoint\",\"urlTemplate\":\"https:\/\/www.swissfairtrade.ch\/it\/?s={search_term_string}\"},\"query-input\":{\"@type\":\"PropertyValueSpecification\",\"valueRequired\":true,\"valueName\":\"search_term_string\"}}],\"inLanguage\":\"fr-FR\"},{\"@type\":\"Organization\",\"@id\":\"https:\/\/www.swissfairtrade.ch\/it\/#organization\",\"name\":\"Swiss Fair Trade\",\"url\":\"https:\/\/www.swissfairtrade.ch\/it\/\",\"logo\":{\"@type\":\"ImageObject\",\"inLanguage\":\"fr-FR\",\"@id\":\"https:\/\/www.swissfairtrade.ch\/it\/#\/schema\/logo\/image\/\",\"url\":\"https:\/\/www.swissfairtrade.ch\/wp-content\/uploads\/SwissFairTrade-Logo-rgb-203.51.59-web.png\",\"contentUrl\":\"https:\/\/www.swissfairtrade.ch\/wp-content\/uploads\/SwissFairTrade-Logo-rgb-203.51.59-web.png\",\"width\":130,\"height\":115,\"caption\":\"Swiss Fair Trade\"},\"image\":{\"@id\":\"https:\/\/www.swissfairtrade.ch\/it\/#\/schema\/logo\/image\/\"}},{\"@type\":\"Person\",\"@id\":\"https:\/\/www.swissfairtrade.ch\/it\/#\/schema\/person\/dc7912173b5d36be4048d6a648a7ed9d\",\"name\":\"Swiss Fair Trade Admin\",\"image\":{\"@type\":\"ImageObject\",\"inLanguage\":\"fr-FR\",\"@id\":\"https:\/\/www.swissfairtrade.ch\/it\/#\/schema\/person\/image\/\",\"url\":\"https:\/\/secure.gravatar.com\/avatar\/21706817544124caa9f21ba8a9e2bc5eb34f8e2af2ab8d077048ab89384e7c8a?s=96&d=mm&r=g\",\"contentUrl\":\"https:\/\/secure.gravatar.com\/avatar\/21706817544124caa9f21ba8a9e2bc5eb34f8e2af2ab8d077048ab89384e7c8a?s=96&d=mm&r=g\",\"caption\":\"Swiss Fair Trade Admin\"}}]}<\/script>\n<!-- \/ Yoast SEO plugin. -->","yoast_head_json":{"title":"Visite des usines de recyclage textile et de confection au Maroc","description":"Saviez-vous que le Maroc est le huiti\u00e8me exportateur de textiles vers l\u2019UE \u2013 et que 65 % de ses exportations sont destin\u00e9es \u00e0 l\u2019Europe ?","robots":{"index":"index","follow":"follow","max-snippet":"max-snippet:-1","max-image-preview":"max-image-preview:large","max-video-preview":"max-video-preview:-1"},"canonical":"https:\/\/www.swissfairtrade.ch\/fr\/notre-voyage-dapprentissage-dans-les-centres-de-recyclage-textile-et-de-confection-de-tanger\/","og_locale":"fr_FR","og_type":"article","og_title":"Visite des usines de recyclage textile et de confection au Maroc","og_description":"Saviez-vous que le Maroc est le huiti\u00e8me exportateur de textiles vers l\u2019UE \u2013 et que 65 % de ses exportations sont destin\u00e9es \u00e0 l\u2019Europe ?","og_url":"https:\/\/www.swissfairtrade.ch\/fr\/notre-voyage-dapprentissage-dans-les-centres-de-recyclage-textile-et-de-confection-de-tanger\/","og_site_name":"Swiss Fair Trade","article_published_time":"2025-11-18T14:09:16+00:00","article_modified_time":"2026-03-26T11:35:24+00:00","og_image":[{"width":540,"height":471,"url":"https:\/\/www.swissfairtrade.ch\/wp-content\/uploads\/Tanger.jpg","type":"image\/jpeg"}],"author":"Swiss Fair Trade Admin","twitter_card":"summary_large_image","twitter_misc":{"\u00c9crit par":"Swiss Fair Trade Admin","Dur\u00e9e de lecture estim\u00e9e":"3 minutes"},"schema":{"@context":"https:\/\/schema.org","@graph":[{"@type":"Article","@id":"https:\/\/www.swissfairtrade.ch\/fr\/notre-voyage-dapprentissage-dans-les-centres-de-recyclage-textile-et-de-confection-de-tanger\/#article","isPartOf":{"@id":"https:\/\/www.swissfairtrade.ch\/fr\/notre-voyage-dapprentissage-dans-les-centres-de-recyclage-textile-et-de-confection-de-tanger\/"},"author":{"name":"Swiss Fair Trade Admin","@id":"https:\/\/www.swissfairtrade.ch\/it\/#\/schema\/person\/dc7912173b5d36be4048d6a648a7ed9d"},"headline":"Derri\u00e8re les coutures : notre voyage d\u2019apprentissage dans les centres de recyclage textile et de confection de Tanger","datePublished":"2025-11-18T14:09:16+00:00","dateModified":"2026-03-26T11:35:24+00:00","mainEntityOfPage":{"@id":"https:\/\/www.swissfairtrade.ch\/fr\/notre-voyage-dapprentissage-dans-les-centres-de-recyclage-textile-et-de-confection-de-tanger\/"},"wordCount":534,"publisher":{"@id":"https:\/\/www.swissfairtrade.ch\/it\/#organization"},"image":{"@id":"https:\/\/www.swissfairtrade.ch\/fr\/notre-voyage-dapprentissage-dans-les-centres-de-recyclage-textile-et-de-confection-de-tanger\/#primaryimage"},"thumbnailUrl":"https:\/\/www.swissfairtrade.ch\/wp-content\/uploads\/Tanger.jpg","articleSection":["Blog FR"],"inLanguage":"fr-FR"},{"@type":"WebPage","@id":"https:\/\/www.swissfairtrade.ch\/fr\/notre-voyage-dapprentissage-dans-les-centres-de-recyclage-textile-et-de-confection-de-tanger\/","url":"https:\/\/www.swissfairtrade.ch\/fr\/notre-voyage-dapprentissage-dans-les-centres-de-recyclage-textile-et-de-confection-de-tanger\/","name":"Visite des usines de recyclage textile et de confection au Maroc","isPartOf":{"@id":"https:\/\/www.swissfairtrade.ch\/it\/#website"},"primaryImageOfPage":{"@id":"https:\/\/www.swissfairtrade.ch\/fr\/notre-voyage-dapprentissage-dans-les-centres-de-recyclage-textile-et-de-confection-de-tanger\/#primaryimage"},"image":{"@id":"https:\/\/www.swissfairtrade.ch\/fr\/notre-voyage-dapprentissage-dans-les-centres-de-recyclage-textile-et-de-confection-de-tanger\/#primaryimage"},"thumbnailUrl":"https:\/\/www.swissfairtrade.ch\/wp-content\/uploads\/Tanger.jpg","datePublished":"2025-11-18T14:09:16+00:00","dateModified":"2026-03-26T11:35:24+00:00","description":"Saviez-vous que le Maroc est le huiti\u00e8me exportateur de textiles vers l\u2019UE \u2013 et que 65 % de ses exportations sont destin\u00e9es \u00e0 l\u2019Europe ?","breadcrumb":{"@id":"https:\/\/www.swissfairtrade.ch\/fr\/notre-voyage-dapprentissage-dans-les-centres-de-recyclage-textile-et-de-confection-de-tanger\/#breadcrumb"},"inLanguage":"fr-FR","potentialAction":[{"@type":"ReadAction","target":["https:\/\/www.swissfairtrade.ch\/fr\/notre-voyage-dapprentissage-dans-les-centres-de-recyclage-textile-et-de-confection-de-tanger\/"]}]},{"@type":"ImageObject","inLanguage":"fr-FR","@id":"https:\/\/www.swissfairtrade.ch\/fr\/notre-voyage-dapprentissage-dans-les-centres-de-recyclage-textile-et-de-confection-de-tanger\/#primaryimage","url":"https:\/\/www.swissfairtrade.ch\/wp-content\/uploads\/Tanger.jpg","contentUrl":"https:\/\/www.swissfairtrade.ch\/wp-content\/uploads\/Tanger.jpg","width":540,"height":471},{"@type":"BreadcrumbList","@id":"https:\/\/www.swissfairtrade.ch\/fr\/notre-voyage-dapprentissage-dans-les-centres-de-recyclage-textile-et-de-confection-de-tanger\/#breadcrumb","itemListElement":[{"@type":"ListItem","position":1,"name":"Home","item":"https:\/\/www.swissfairtrade.ch\/fr\/"},{"@type":"ListItem","position":2,"name":"Derri\u00e8re les coutures : notre voyage d\u2019apprentissage dans les centres de recyclage textile et de confection de Tanger"}]},{"@type":"WebSite","@id":"https:\/\/www.swissfairtrade.ch\/it\/#website","url":"https:\/\/www.swissfairtrade.ch\/it\/","name":"Swiss Fair Trade","description":"","publisher":{"@id":"https:\/\/www.swissfairtrade.ch\/it\/#organization"},"potentialAction":[{"@type":"SearchAction","target":{"@type":"EntryPoint","urlTemplate":"https:\/\/www.swissfairtrade.ch\/it\/?s={search_term_string}"},"query-input":{"@type":"PropertyValueSpecification","valueRequired":true,"valueName":"search_term_string"}}],"inLanguage":"fr-FR"},{"@type":"Organization","@id":"https:\/\/www.swissfairtrade.ch\/it\/#organization","name":"Swiss Fair Trade","url":"https:\/\/www.swissfairtrade.ch\/it\/","logo":{"@type":"ImageObject","inLanguage":"fr-FR","@id":"https:\/\/www.swissfairtrade.ch\/it\/#\/schema\/logo\/image\/","url":"https:\/\/www.swissfairtrade.ch\/wp-content\/uploads\/SwissFairTrade-Logo-rgb-203.51.59-web.png","contentUrl":"https:\/\/www.swissfairtrade.ch\/wp-content\/uploads\/SwissFairTrade-Logo-rgb-203.51.59-web.png","width":130,"height":115,"caption":"Swiss Fair Trade"},"image":{"@id":"https:\/\/www.swissfairtrade.ch\/it\/#\/schema\/logo\/image\/"}},{"@type":"Person","@id":"https:\/\/www.swissfairtrade.ch\/it\/#\/schema\/person\/dc7912173b5d36be4048d6a648a7ed9d","name":"Swiss Fair Trade Admin","image":{"@type":"ImageObject","inLanguage":"fr-FR","@id":"https:\/\/www.swissfairtrade.ch\/it\/#\/schema\/person\/image\/","url":"https:\/\/secure.gravatar.com\/avatar\/21706817544124caa9f21ba8a9e2bc5eb34f8e2af2ab8d077048ab89384e7c8a?s=96&d=mm&r=g","contentUrl":"https:\/\/secure.gravatar.com\/avatar\/21706817544124caa9f21ba8a9e2bc5eb34f8e2af2ab8d077048ab89384e7c8a?s=96&d=mm&r=g","caption":"Swiss Fair Trade Admin"}}]}},"_links":{"self":[{"href":"https:\/\/www.swissfairtrade.ch\/fr\/wp-json\/wp\/v2\/posts\/14364","targetHints":{"allow":["GET"]}}],"collection":[{"href":"https:\/\/www.swissfairtrade.ch\/fr\/wp-json\/wp\/v2\/posts"}],"about":[{"href":"https:\/\/www.swissfairtrade.ch\/fr\/wp-json\/wp\/v2\/types\/post"}],"author":[{"embeddable":true,"href":"https:\/\/www.swissfairtrade.ch\/fr\/wp-json\/wp\/v2\/users\/3"}],"replies":[{"embeddable":true,"href":"https:\/\/www.swissfairtrade.ch\/fr\/wp-json\/wp\/v2\/comments?post=14364"}],"version-history":[{"count":2,"href":"https:\/\/www.swissfairtrade.ch\/fr\/wp-json\/wp\/v2\/posts\/14364\/revisions"}],"predecessor-version":[{"id":14379,"href":"https:\/\/www.swissfairtrade.ch\/fr\/wp-json\/wp\/v2\/posts\/14364\/revisions\/14379"}],"wp:featuredmedia":[{"embeddable":true,"href":"https:\/\/www.swissfairtrade.ch\/fr\/wp-json\/wp\/v2\/media\/14218"}],"wp:attachment":[{"href":"https:\/\/www.swissfairtrade.ch\/fr\/wp-json\/wp\/v2\/media?parent=14364"}],"wp:term":[{"taxonomy":"category","embeddable":true,"href":"https:\/\/www.swissfairtrade.ch\/fr\/wp-json\/wp\/v2\/categories?post=14364"},{"taxonomy":"post_tag","embeddable":true,"href":"https:\/\/www.swissfairtrade.ch\/fr\/wp-json\/wp\/v2\/tags?post=14364"}],"curies":[{"name":"wp","href":"https:\/\/api.w.org\/{rel}","templated":true}]}}