{"id":13607,"date":"2025-06-02T10:09:37","date_gmt":"2025-06-02T08:09:37","guid":{"rendered":"https:\/\/www.swissfairtrade.ch\/?p=13607"},"modified":"2025-06-02T11:19:29","modified_gmt":"2025-06-02T09:19:29","slug":"fair-fashion-award-2024-communique-de-presse-2","status":"publish","type":"post","link":"https:\/\/www.swissfairtrade.ch\/fr\/fair-fashion-award-2024-communique-de-presse-2\/","title":{"rendered":"Fair Fashion Award 2025: La seule distinction suisse pour des textiles \u00e9quitables lance sa deuxi\u00e8me \u00e9dition"},"content":{"rendered":"<div class=\"wpb-content-wrapper\"><p>[vc_row css=\u00a0\u00bb.vc_custom_1531834670119{margin-top: 20px !important;}\u00a0\u00bb][vc_column width=\u00a0\u00bb1\/6&Prime;][\/vc_column][vc_column width=\u00a0\u00bb2\/3&Prime; css=\u00a0\u00bb.vc_custom_1557310891367{background-position: center !important;background-repeat: no-repeat !important;background-size: cover !important;}\u00a0\u00bb][vc_column_text css=\u00a0\u00bb\u00a0\u00bb]<\/p>\n<div class=\"db-date\">\n<h2 style=\"text-align: center;\"><strong style=\"font-size: 16px;\"><img loading=\"lazy\" decoding=\"async\" class=\"aligncenter wp-image-13618 size-large\" src=\"https:\/\/www.swissfairtrade.ch\/wp-content\/uploads\/a-Header-Medienmitteilung-Ohne-CTA-1024x341.jpg\" alt=\"\" width=\"1024\" height=\"341\" srcset=\"https:\/\/www.swissfairtrade.ch\/wp-content\/uploads\/a-Header-Medienmitteilung-Ohne-CTA-1024x341.jpg 1024w, https:\/\/www.swissfairtrade.ch\/wp-content\/uploads\/a-Header-Medienmitteilung-Ohne-CTA-525x175.jpg 525w, https:\/\/www.swissfairtrade.ch\/wp-content\/uploads\/a-Header-Medienmitteilung-Ohne-CTA-768x256.jpg 768w, https:\/\/www.swissfairtrade.ch\/wp-content\/uploads\/a-Header-Medienmitteilung-Ohne-CTA-500x167.jpg 500w, https:\/\/www.swissfairtrade.ch\/wp-content\/uploads\/a-Header-Medienmitteilung-Ohne-CTA.jpg 1200w\" sizes=\"auto, (max-width: 1024px) 100vw, 1024px\" \/><\/strong><\/h2>\n<\/div>\n<h2><\/h2>\n<h2 style=\"text-align: center;\"><b><span data-olk-copy-source=\"MessageBody\">Fair Fashion Award 2025<\/span><\/b><br \/>\n<b>La seule distinction suisse pour des textiles \u00e9quitables lance sa deuxi\u00e8me \u00e9dition<\/b><\/h2>\n<p>&nbsp;<\/p>\n<div>\n<p><em>Communiqu\u00e9 de presse, B\u00e2le, 26 mai 2025<br \/>\n<\/em><strong>La phase de candidatures pour le Fair Fashion Award 2025 est ouverte ! La deuxi\u00e8me \u00e9dition de la seule distinction suisse r\u00e9compensant la responsabilit\u00e9 sociale et \u00e9cologique dans l\u2019industrie textile est lanc\u00e9e. Qui succ\u00e9dera aux laur\u00e9at\u00b7e\u00b7s de l\u2019an pass\u00e9, Jungle Folk et FTC Cashmere ? Entreprises, organisations et projets actifs en Suisse ont jusqu\u2019au 22 ao\u00fbt 2025 pour tenter leur chance et rejoindre les pionniers du textile durable. Organis\u00e9 par Swiss Fair Trade, ce prix met \u00e0 l\u2019honneur des solutions remarquables dans les cat\u00e9gories \u00ab \u00c9mergent \u00bb et \u00ab \u00c9tabli \u00bb.<\/strong><\/p>\n<p>Le Fair Fashion Award sera remis pour la deuxi\u00e8me fois fin novembre 2025. Il s\u2019agit de la seule distinction en Suisse d\u00e9di\u00e9e aux solutions durables innovantes dans le secteur textile. L\u2019objectif est de valoriser des acteur\u00b7rice\u00b7s\u00a0qui, par leur engagement social et \u00e9cologique, fixent de nouvelles normes. Les candidatures sont ouvertes aux entreprises, organisations et projets op\u00e9rant en Suisse et d\u00e9montrant des initiatives innovantes en mati\u00e8re de durabilit\u00e9.\u00a0Cette ann\u00e9e, le Fair Fashion Award met en lumi\u00e8re l\u2019\u00e9conomie circulaire, une approche essentielle et urgente pour repenser la gestion des ressources dans l\u2019industrie textile et construire un avenir durable.<\/p>\n<\/div>\n<p>\u00ab L\u2019\u00e9conomie circulaire n\u2019est pas une mode passag\u00e8re, mais une responsabilit\u00e9 fondamentale \u2013 et la cl\u00e9 d&rsquo;un textile durable et \u00e9quitable. Avec le Fair Fashion Award, nous voulons mettre en lumi\u00e8re des projets \u00e0 fort impact et soutenir celles et ceux qui \u0153uvrent pour un changement concret \u00bb,\u00a0d\u00e9clare Philipp Scheidiger, directeur de Swiss Fair Trade.<\/p>\n<p>Pour participer, rendez-vous sur\u00a0<a title=\"http:\/\/www.fairfashionaward.ch\" href=\"http:\/\/www.fairfashionaward.ch\/\" data-auth=\"NotApplicable\" data-linkindex=\"0\">www.fairfashionaward.ch<\/a>\u00a0\u2013 candidatures ouvertes jusqu\u2019au 22 ao\u00fbt 2025 !<\/p>\n<div>\n<p><span data-olk-copy-source=\"MessageBody\"><br \/>\n<strong>Une distinction cr\u00e9dible en deux cat\u00e9gories<\/strong><\/span><\/p>\n<\/div>\n<p>Dans le cadre de l\u2019Innovation Day de Swiss Textiles, l\u2019association professionnelle suisse du textile, deux laur\u00e9at\u00b7e\u00b7s\u00a0seront r\u00e9compens\u00e9\u00b7e\u00b7s le 25 novembre 2025 au Technopark de Zurich dans les cat\u00e9gories \u00ab \u00c9mergent \u00bb et \u00ab \u00c9tabli \u00bb. Chaque projet gagnant recevra un prix de 20 000 CHF ainsi que des prestations de conseil d\u2019une valeur de 5 000 CHF.<br \/>\nLe Fair Fashion Award se distingue par sa cr\u00e9dibilit\u00e9, son ind\u00e9pendance et sa rigueur professionnelle. Lanc\u00e9 en 2024, il a r\u00e9compens\u00e9 la marque de mode responsable zurichoise Jungle Folk dans la cat\u00e9gorie \u00ab \u00c9mergent \u00bb et l\u2019entreprise familiale FTC Cashmere dans la cat\u00e9gorie \u00ab \u00c9tabli \u00bb.<\/p>\n<p>&nbsp;<\/p>\n<div>\n<p><b><span data-olk-copy-source=\"MessageBody\">Un jury interdisciplinaire<br \/>\n<\/span><\/b>Le jury charg\u00e9 de s\u00e9lectionner les finalistes et les laur\u00e9at\u00b7e\u00b7s r\u00e9unit cette ann\u00e9e des expert\u00b7e\u00b7s du textile, de la durabilit\u00e9 et des m\u00e9dias:<\/p>\n<\/div>\n<div>\n<ul type=\"disc\">\n<li>Hyunjin Kim, conseill\u00e8re en \u00e9cologie chez Testex<\/li>\n<\/ul>\n<\/div>\n<div>\n<ul type=\"disc\">\n<li>Jeroen van Rooijen, expert en style et mode<\/li>\n<\/ul>\n<\/div>\n<div>\n<ul type=\"disc\">\n<li>Tina Tomovic, professeure \u00e0 la Haute \u00e9cole sp\u00e9cialis\u00e9e de Lucerne (HSLU)<\/li>\n<\/ul>\n<\/div>\n<div>\n<ul type=\"disc\">\n<li>Martin Tschudin, vice-pr\u00e9sident du conseil de la Fondation Amphora<\/li>\n<\/ul>\n<\/div>\n<div>\n<ul type=\"disc\">\n<li>Rebekka Sommerhalder, pr\u00e9sidente de Fashion Revolution Suisse<\/li>\n<\/ul>\n<\/div>\n<div>\n<ul type=\"disc\">\n<li>Andri Bodmer, responsable du d\u00e9veloppement organisationnel et RH chez SQS<\/li>\n<\/ul>\n<\/div>\n<div>\n<ul type=\"disc\">\n<li>Sonja Gehrig, responsable \u00e9conomie circulaire et achats durables de la Ville de Zurich<\/li>\n<\/ul>\n<\/div>\n<p>&nbsp;<\/p>\n<p><strong>Visibilit\u00e9 pour les mod\u00e8les \u00e0 suivre \u2013 rep\u00e8res pour les consommateur\u00b7rice\u00b7s<br \/>\n<\/strong><span data-olk-copy-source=\"MessageBody\">Le Fair Fashion Award offre une visibilit\u00e9 aux acteur\u00b7rice\u00b7s\u00a0innovants de l\u2019industrie textile suisse et soutient activement la transition vers des conditions de production plus \u00e9quitables. Il valorise les acteur\u00b7rice\u00b7s\u00a0qui, par leur responsabilit\u00e9 sociale et environnementale, fixent de nouveaux standards \u2013 inspirant ainsi le secteur tout en fournissant aux consommateur\u00b7rice\u00b7s\u00a0des rep\u00e8res clairs.<\/span><\/p>\n<p>&nbsp;<\/p>\n<div>\n<p><b><span data-olk-copy-source=\"MessageBody\">Quelques avis du jury :<\/span><\/b><\/p>\n<div>\n<p><b><span data-olk-copy-source=\"MessageBody\">Hyunjin Kim, Testex :<\/span><\/b><br \/>\n\u00ab La confiance est la base d\u2019une vraie durabilit\u00e9 \u2013 le Fair Fashion Award sert de boussole pour une mode \u00e9quitable et transparente. \u00bb<\/p>\n<\/div>\n<div>\n<p><b>Tina Tomovic, HSLU :<\/b><br \/>\n\u00ab La mode et le textile \u00e9quitables et durables doivent \u00eatre soutenus d\u00e8s maintenant. Ces efforts demandent beaucoup aux initiants : courage, pers\u00e9v\u00e9rance et forte volont\u00e9. Le Fair Fashion Award donne non seulement de la visibilit\u00e9 \u00e0 ce travail pionnier, mais sensibilise aussi le public \u00e0 la responsabilit\u00e9 sociale et \u00e9cologique dans le textile. \u00bb<\/p>\n<\/div>\n<div>\n<p><b>Rebekka Sommerhalder, Fashion Revolution :<\/b><br \/>\n\u00ab Avec le Fair Fashion Award, nous voulons offrir aux consommateur\u00b7rice\u00b7s\u00a0des rep\u00e8res clairs \u2013 et montrer quelles marques assument v\u00e9ritablement leurs responsabilit\u00e9s, au-del\u00e0 du simple greenwashing. \u00bb<\/p>\n<\/div>\n<div>\n<p><b>Andri Bodmer, Circular Globe :<\/b><br \/>\n\u00ab Le Fair Fashion Award valorise non seulement les produits finis, mais tout le chemin parcouru. Il met en lumi\u00e8re des conditions \u00e9quitables et des mod\u00e8les d\u2019affaires innovants. En c\u00e9l\u00e9brant ces valeurs, il instaure une nouvelle compr\u00e9hension de la mode, centr\u00e9e sur le respect des personnes et de l\u2019environnement. \u00bb<br \/>\n<b><\/b><\/p>\n<p><strong><br \/>\n\u00c0 propos du Fair Fashion Award<\/strong><\/p>\n<\/div>\n<\/div>\n<div>\n<div>\n<p>Depuis 2024, le Fair Fashion Award r\u00e9compense des solutions durables exemplaires dans l\u2019industrie textile. Il s\u2019adresse aux entreprises, organisations et projets actifs en Suisse qui instaurent des standards socialement et \u00e9cologiquement responsables tout au long de leur cha\u00eene de valeur. Le prix distingue les cat\u00e9gories \u00ab \u00c9mergent \u00bb et \u00ab \u00c9tabli \u00bb et s\u2019aligne sur le programme national \u00ab Sustainable Textiles Switzerland 2030 \u00bb, soutenu par la Conf\u00e9d\u00e9ration. Les laur\u00e9at\u00b7e\u00b7s re\u00e7oivent chacun\u00b7e\u00a020 000 CHF et des prestations de conseil d\u2019une valeur de 5 000 CHF pour renforcer leur impact. Le prix est rendu possible par la Fondation Amphora et port\u00e9 par Swiss Fair Trade. Il donne de la visibilit\u00e9 aux acteur\u00b7rice\u00b7s responsables, encourage des pratiques durables et oriente les consommateur\u00b7rice\u00b7s vers des choix \u00e9clair\u00e9s dans le domaine textile.<\/p>\n<\/div>\n<div>\n<p><a title=\"http:\/\/www.fairfashionaward.ch\/\" href=\"http:\/\/www.fairfashionaward.ch\/\" data-auth=\"NotApplicable\" data-linkindex=\"1\">www.fairfashionaward.ch<\/a><\/p>\n<p><b><br \/>\n\u00c0 propos de Swiss Fair Trade<\/b><\/p>\n<\/div>\n<div>\n<p>Swiss Fair Trade est l\u2019association fa\u00eeti\u00e8re des organisations de commerce \u00e9quitable en Suisse. Centre de comp\u00e9tences reconnu, elle promeut des structures commerciales justes et favorise le dialogue entre la soci\u00e9t\u00e9 civile, le monde \u00e9conomique, la recherche ainsi que les acteurs publics.\u00a0Ses membres comprennent des organisations commerciales, des labels et des ONG engag\u00e9es pour le commerce \u00e9quitable.<\/p>\n<\/div>\n<div>\n<p><a title=\"https:\/\/www.swissfairtrade.ch\/\" href=\"https:\/\/www.swissfairtrade.ch\/\" data-auth=\"NotApplicable\" data-linkindex=\"2\">www.swissfairtrade.ch<\/a><\/p>\n<p><b><br \/>\nContact presse<\/b><\/p>\n<\/div>\n<div>\n<p>Sara Gutierrez-Osmani<br \/>\nJUNE Corporate Communications<br \/>\n<a title=\"mailto:fairfashionaward@gojune.ch\" href=\"mailto:fairfashionaward@gojune.ch\" data-linkindex=\"3\">fairfashionaward@gojune.ch<\/a><br \/>\n+41 76 250 38 72<\/p>\n<\/div>\n<\/div>\n<p>[\/vc_column_text][\/vc_column][vc_column width=\u00a0\u00bb1\/6&Prime;][\/vc_column][\/vc_row][vc_row][vc_column][vc_empty_space height=\u00a0\u00bb50px\u00a0\u00bb][vc_separator][vc_column_text]<\/p>\n<h3>Weitere Beitr\u00e4ge<\/h3>\n<p>[\/vc_column_text][vc_basic_grid post_type=\u00a0\u00bbpost\u00a0\u00bb max_items=\u00a0\u00bb9&Prime; gap=\u00a0\u00bb10&Prime; item=\u00a0\u00bb2035&Prime; grid_id=\u00a0\u00bbvc_gid:1748853180593-93241438-49c2-3&Prime; taxonomies=\u00a0\u00bb23&Prime;][\/vc_column][\/vc_row]<\/p>\n<\/div>","protected":false},"excerpt":{"rendered":"<p>Le 29 octobre 2024, le premier prix suisse des textiles \u00e9quitables a r\u00e9compens\u00e9 Jungle Folk dans la cat\u00e9gorie \u00ab \u00e9mergent \u00bb et FTC Cashmere dans la cat\u00e9gorie \u00ab \u00e9tabli \u00bb. Ces deux entreprises pionni\u00e8res se sont distingu\u00e9es parmi pr\u00e8s de 40 concurrents et ont chacune remport\u00e9 le Fair Fashion Award, d&rsquo;une valeur de 25 000 CHF.<\/p>\n","protected":false},"author":3,"featured_media":13621,"comment_status":"closed","ping_status":"closed","sticky":false,"template":"","format":"standard","meta":{"generate_page_header":"","footnotes":"","_links_to":"","_links_to_target":""},"categories":[252],"tags":[],"class_list":["post-13607","post","type-post","status-publish","format-standard","has-post-thumbnail","hentry","category-blog-fr"],"yoast_head":"<!-- This site is optimized with the Yoast SEO plugin v26.2 - https:\/\/yoast.com\/wordpress\/plugins\/seo\/ -->\n<title>Deux marques r\u00e9compens\u00e9es par le Fair Fashion Award 2024<\/title>\n<meta name=\"description\" content=\"Le 29 octobre 2024, le premier prix suisse des textiles \u00e9quitables a r\u00e9compens\u00e9 Jungle Folk dans la cat\u00e9gorie \u00ab \u00e9mergent \u00bb et FTC Cashmere dans la cat\u00e9gorie \u00ab \u00e9tabli \u00bb.\" \/>\n<meta name=\"robots\" content=\"index, follow, max-snippet:-1, max-image-preview:large, max-video-preview:-1\" \/>\n<link rel=\"canonical\" href=\"https:\/\/www.swissfairtrade.ch\/fr\/fair-fashion-award-2024-communique-de-presse-2\/\" \/>\n<meta property=\"og:locale\" content=\"fr_FR\" \/>\n<meta property=\"og:type\" content=\"article\" \/>\n<meta property=\"og:title\" content=\"Deux marques r\u00e9compens\u00e9es par le Fair Fashion Award 2024\" \/>\n<meta property=\"og:description\" content=\"Le 29 octobre 2024, le premier prix suisse des textiles \u00e9quitables a r\u00e9compens\u00e9 Jungle Folk dans la cat\u00e9gorie \u00ab \u00e9mergent \u00bb et FTC Cashmere dans la cat\u00e9gorie \u00ab \u00e9tabli \u00bb.\" \/>\n<meta property=\"og:url\" content=\"https:\/\/www.swissfairtrade.ch\/fr\/fair-fashion-award-2024-communique-de-presse-2\/\" \/>\n<meta property=\"og:site_name\" content=\"Swiss Fair Trade\" \/>\n<meta property=\"article:published_time\" content=\"2025-06-02T08:09:37+00:00\" \/>\n<meta property=\"article:modified_time\" content=\"2025-06-02T09:19:29+00:00\" \/>\n<meta property=\"og:image\" content=\"https:\/\/www.swissfairtrade.ch\/wp-content\/uploads\/a-LinkedIn-Mitteilung-Pink02-Ohne-CTA.jpg\" \/>\n\t<meta property=\"og:image:width\" content=\"1200\" \/>\n\t<meta property=\"og:image:height\" content=\"1200\" \/>\n\t<meta property=\"og:image:type\" content=\"image\/jpeg\" \/>\n<meta name=\"author\" content=\"Swiss Fair Trade Admin\" \/>\n<meta name=\"twitter:card\" content=\"summary_large_image\" \/>\n<meta name=\"twitter:label1\" content=\"\u00c9crit par\" \/>\n\t<meta name=\"twitter:data1\" content=\"Swiss Fair Trade Admin\" \/>\n\t<meta name=\"twitter:label2\" content=\"Dur\u00e9e de lecture estim\u00e9e\" \/>\n\t<meta name=\"twitter:data2\" content=\"6 minutes\" \/>\n<script type=\"application\/ld+json\" class=\"yoast-schema-graph\">{\"@context\":\"https:\/\/schema.org\",\"@graph\":[{\"@type\":\"Article\",\"@id\":\"https:\/\/www.swissfairtrade.ch\/fr\/fair-fashion-award-2024-communique-de-presse-2\/#article\",\"isPartOf\":{\"@id\":\"https:\/\/www.swissfairtrade.ch\/fr\/fair-fashion-award-2024-communique-de-presse-2\/\"},\"author\":{\"name\":\"Swiss Fair Trade Admin\",\"@id\":\"https:\/\/www.swissfairtrade.ch\/it\/#\/schema\/person\/dc7912173b5d36be4048d6a648a7ed9d\"},\"headline\":\"Fair Fashion Award 2025: La seule distinction suisse pour des textiles \u00e9quitables lance sa deuxi\u00e8me \u00e9dition\",\"datePublished\":\"2025-06-02T08:09:37+00:00\",\"dateModified\":\"2025-06-02T09:19:29+00:00\",\"mainEntityOfPage\":{\"@id\":\"https:\/\/www.swissfairtrade.ch\/fr\/fair-fashion-award-2024-communique-de-presse-2\/\"},\"wordCount\":1101,\"publisher\":{\"@id\":\"https:\/\/www.swissfairtrade.ch\/it\/#organization\"},\"image\":{\"@id\":\"https:\/\/www.swissfairtrade.ch\/fr\/fair-fashion-award-2024-communique-de-presse-2\/#primaryimage\"},\"thumbnailUrl\":\"https:\/\/www.swissfairtrade.ch\/wp-content\/uploads\/a-LinkedIn-Mitteilung-Pink02-Ohne-CTA.jpg\",\"articleSection\":[\"Blog FR\"],\"inLanguage\":\"fr-FR\"},{\"@type\":\"WebPage\",\"@id\":\"https:\/\/www.swissfairtrade.ch\/fr\/fair-fashion-award-2024-communique-de-presse-2\/\",\"url\":\"https:\/\/www.swissfairtrade.ch\/fr\/fair-fashion-award-2024-communique-de-presse-2\/\",\"name\":\"Deux marques r\u00e9compens\u00e9es par le Fair Fashion Award 2024\",\"isPartOf\":{\"@id\":\"https:\/\/www.swissfairtrade.ch\/it\/#website\"},\"primaryImageOfPage\":{\"@id\":\"https:\/\/www.swissfairtrade.ch\/fr\/fair-fashion-award-2024-communique-de-presse-2\/#primaryimage\"},\"image\":{\"@id\":\"https:\/\/www.swissfairtrade.ch\/fr\/fair-fashion-award-2024-communique-de-presse-2\/#primaryimage\"},\"thumbnailUrl\":\"https:\/\/www.swissfairtrade.ch\/wp-content\/uploads\/a-LinkedIn-Mitteilung-Pink02-Ohne-CTA.jpg\",\"datePublished\":\"2025-06-02T08:09:37+00:00\",\"dateModified\":\"2025-06-02T09:19:29+00:00\",\"description\":\"Le 29 octobre 2024, le premier prix suisse des textiles \u00e9quitables a r\u00e9compens\u00e9 Jungle Folk dans la cat\u00e9gorie \u00ab \u00e9mergent \u00bb et FTC Cashmere dans la cat\u00e9gorie \u00ab \u00e9tabli \u00bb.\",\"breadcrumb\":{\"@id\":\"https:\/\/www.swissfairtrade.ch\/fr\/fair-fashion-award-2024-communique-de-presse-2\/#breadcrumb\"},\"inLanguage\":\"fr-FR\",\"potentialAction\":[{\"@type\":\"ReadAction\",\"target\":[\"https:\/\/www.swissfairtrade.ch\/fr\/fair-fashion-award-2024-communique-de-presse-2\/\"]}]},{\"@type\":\"ImageObject\",\"inLanguage\":\"fr-FR\",\"@id\":\"https:\/\/www.swissfairtrade.ch\/fr\/fair-fashion-award-2024-communique-de-presse-2\/#primaryimage\",\"url\":\"https:\/\/www.swissfairtrade.ch\/wp-content\/uploads\/a-LinkedIn-Mitteilung-Pink02-Ohne-CTA.jpg\",\"contentUrl\":\"https:\/\/www.swissfairtrade.ch\/wp-content\/uploads\/a-LinkedIn-Mitteilung-Pink02-Ohne-CTA.jpg\",\"width\":1200,\"height\":1200},{\"@type\":\"BreadcrumbList\",\"@id\":\"https:\/\/www.swissfairtrade.ch\/fr\/fair-fashion-award-2024-communique-de-presse-2\/#breadcrumb\",\"itemListElement\":[{\"@type\":\"ListItem\",\"position\":1,\"name\":\"Home\",\"item\":\"https:\/\/www.swissfairtrade.ch\/fr\/\"},{\"@type\":\"ListItem\",\"position\":2,\"name\":\"Fair Fashion Award 2025: La seule distinction suisse pour des textiles \u00e9quitables lance sa deuxi\u00e8me \u00e9dition\"}]},{\"@type\":\"WebSite\",\"@id\":\"https:\/\/www.swissfairtrade.ch\/it\/#website\",\"url\":\"https:\/\/www.swissfairtrade.ch\/it\/\",\"name\":\"Swiss Fair Trade\",\"description\":\"\",\"publisher\":{\"@id\":\"https:\/\/www.swissfairtrade.ch\/it\/#organization\"},\"potentialAction\":[{\"@type\":\"SearchAction\",\"target\":{\"@type\":\"EntryPoint\",\"urlTemplate\":\"https:\/\/www.swissfairtrade.ch\/it\/?s={search_term_string}\"},\"query-input\":{\"@type\":\"PropertyValueSpecification\",\"valueRequired\":true,\"valueName\":\"search_term_string\"}}],\"inLanguage\":\"fr-FR\"},{\"@type\":\"Organization\",\"@id\":\"https:\/\/www.swissfairtrade.ch\/it\/#organization\",\"name\":\"Swiss Fair Trade\",\"url\":\"https:\/\/www.swissfairtrade.ch\/it\/\",\"logo\":{\"@type\":\"ImageObject\",\"inLanguage\":\"fr-FR\",\"@id\":\"https:\/\/www.swissfairtrade.ch\/it\/#\/schema\/logo\/image\/\",\"url\":\"https:\/\/www.swissfairtrade.ch\/wp-content\/uploads\/SwissFairTrade-Logo-rgb-203.51.59-web.png\",\"contentUrl\":\"https:\/\/www.swissfairtrade.ch\/wp-content\/uploads\/SwissFairTrade-Logo-rgb-203.51.59-web.png\",\"width\":130,\"height\":115,\"caption\":\"Swiss Fair Trade\"},\"image\":{\"@id\":\"https:\/\/www.swissfairtrade.ch\/it\/#\/schema\/logo\/image\/\"}},{\"@type\":\"Person\",\"@id\":\"https:\/\/www.swissfairtrade.ch\/it\/#\/schema\/person\/dc7912173b5d36be4048d6a648a7ed9d\",\"name\":\"Swiss Fair Trade Admin\",\"image\":{\"@type\":\"ImageObject\",\"inLanguage\":\"fr-FR\",\"@id\":\"https:\/\/www.swissfairtrade.ch\/it\/#\/schema\/person\/image\/\",\"url\":\"https:\/\/secure.gravatar.com\/avatar\/21706817544124caa9f21ba8a9e2bc5eb34f8e2af2ab8d077048ab89384e7c8a?s=96&d=mm&r=g\",\"contentUrl\":\"https:\/\/secure.gravatar.com\/avatar\/21706817544124caa9f21ba8a9e2bc5eb34f8e2af2ab8d077048ab89384e7c8a?s=96&d=mm&r=g\",\"caption\":\"Swiss Fair Trade Admin\"}}]}<\/script>\n<!-- \/ Yoast SEO plugin. -->","yoast_head_json":{"title":"Deux marques r\u00e9compens\u00e9es par le Fair Fashion Award 2024","description":"Le 29 octobre 2024, le premier prix suisse des textiles \u00e9quitables a r\u00e9compens\u00e9 Jungle Folk dans la cat\u00e9gorie \u00ab \u00e9mergent \u00bb et FTC Cashmere dans la cat\u00e9gorie \u00ab \u00e9tabli \u00bb.","robots":{"index":"index","follow":"follow","max-snippet":"max-snippet:-1","max-image-preview":"max-image-preview:large","max-video-preview":"max-video-preview:-1"},"canonical":"https:\/\/www.swissfairtrade.ch\/fr\/fair-fashion-award-2024-communique-de-presse-2\/","og_locale":"fr_FR","og_type":"article","og_title":"Deux marques r\u00e9compens\u00e9es par le Fair Fashion Award 2024","og_description":"Le 29 octobre 2024, le premier prix suisse des textiles \u00e9quitables a r\u00e9compens\u00e9 Jungle Folk dans la cat\u00e9gorie \u00ab \u00e9mergent \u00bb et FTC Cashmere dans la cat\u00e9gorie \u00ab \u00e9tabli \u00bb.","og_url":"https:\/\/www.swissfairtrade.ch\/fr\/fair-fashion-award-2024-communique-de-presse-2\/","og_site_name":"Swiss Fair Trade","article_published_time":"2025-06-02T08:09:37+00:00","article_modified_time":"2025-06-02T09:19:29+00:00","og_image":[{"width":1200,"height":1200,"url":"https:\/\/www.swissfairtrade.ch\/wp-content\/uploads\/a-LinkedIn-Mitteilung-Pink02-Ohne-CTA.jpg","type":"image\/jpeg"}],"author":"Swiss Fair Trade Admin","twitter_card":"summary_large_image","twitter_misc":{"\u00c9crit par":"Swiss Fair Trade Admin","Dur\u00e9e de lecture estim\u00e9e":"6 minutes"},"schema":{"@context":"https:\/\/schema.org","@graph":[{"@type":"Article","@id":"https:\/\/www.swissfairtrade.ch\/fr\/fair-fashion-award-2024-communique-de-presse-2\/#article","isPartOf":{"@id":"https:\/\/www.swissfairtrade.ch\/fr\/fair-fashion-award-2024-communique-de-presse-2\/"},"author":{"name":"Swiss Fair Trade Admin","@id":"https:\/\/www.swissfairtrade.ch\/it\/#\/schema\/person\/dc7912173b5d36be4048d6a648a7ed9d"},"headline":"Fair Fashion Award 2025: La seule distinction suisse pour des textiles \u00e9quitables lance sa deuxi\u00e8me \u00e9dition","datePublished":"2025-06-02T08:09:37+00:00","dateModified":"2025-06-02T09:19:29+00:00","mainEntityOfPage":{"@id":"https:\/\/www.swissfairtrade.ch\/fr\/fair-fashion-award-2024-communique-de-presse-2\/"},"wordCount":1101,"publisher":{"@id":"https:\/\/www.swissfairtrade.ch\/it\/#organization"},"image":{"@id":"https:\/\/www.swissfairtrade.ch\/fr\/fair-fashion-award-2024-communique-de-presse-2\/#primaryimage"},"thumbnailUrl":"https:\/\/www.swissfairtrade.ch\/wp-content\/uploads\/a-LinkedIn-Mitteilung-Pink02-Ohne-CTA.jpg","articleSection":["Blog FR"],"inLanguage":"fr-FR"},{"@type":"WebPage","@id":"https:\/\/www.swissfairtrade.ch\/fr\/fair-fashion-award-2024-communique-de-presse-2\/","url":"https:\/\/www.swissfairtrade.ch\/fr\/fair-fashion-award-2024-communique-de-presse-2\/","name":"Deux marques r\u00e9compens\u00e9es par le Fair Fashion Award 2024","isPartOf":{"@id":"https:\/\/www.swissfairtrade.ch\/it\/#website"},"primaryImageOfPage":{"@id":"https:\/\/www.swissfairtrade.ch\/fr\/fair-fashion-award-2024-communique-de-presse-2\/#primaryimage"},"image":{"@id":"https:\/\/www.swissfairtrade.ch\/fr\/fair-fashion-award-2024-communique-de-presse-2\/#primaryimage"},"thumbnailUrl":"https:\/\/www.swissfairtrade.ch\/wp-content\/uploads\/a-LinkedIn-Mitteilung-Pink02-Ohne-CTA.jpg","datePublished":"2025-06-02T08:09:37+00:00","dateModified":"2025-06-02T09:19:29+00:00","description":"Le 29 octobre 2024, le premier prix suisse des textiles \u00e9quitables a r\u00e9compens\u00e9 Jungle Folk dans la cat\u00e9gorie \u00ab \u00e9mergent \u00bb et FTC Cashmere dans la cat\u00e9gorie \u00ab \u00e9tabli \u00bb.","breadcrumb":{"@id":"https:\/\/www.swissfairtrade.ch\/fr\/fair-fashion-award-2024-communique-de-presse-2\/#breadcrumb"},"inLanguage":"fr-FR","potentialAction":[{"@type":"ReadAction","target":["https:\/\/www.swissfairtrade.ch\/fr\/fair-fashion-award-2024-communique-de-presse-2\/"]}]},{"@type":"ImageObject","inLanguage":"fr-FR","@id":"https:\/\/www.swissfairtrade.ch\/fr\/fair-fashion-award-2024-communique-de-presse-2\/#primaryimage","url":"https:\/\/www.swissfairtrade.ch\/wp-content\/uploads\/a-LinkedIn-Mitteilung-Pink02-Ohne-CTA.jpg","contentUrl":"https:\/\/www.swissfairtrade.ch\/wp-content\/uploads\/a-LinkedIn-Mitteilung-Pink02-Ohne-CTA.jpg","width":1200,"height":1200},{"@type":"BreadcrumbList","@id":"https:\/\/www.swissfairtrade.ch\/fr\/fair-fashion-award-2024-communique-de-presse-2\/#breadcrumb","itemListElement":[{"@type":"ListItem","position":1,"name":"Home","item":"https:\/\/www.swissfairtrade.ch\/fr\/"},{"@type":"ListItem","position":2,"name":"Fair Fashion Award 2025: La seule distinction suisse pour des textiles \u00e9quitables lance sa deuxi\u00e8me \u00e9dition"}]},{"@type":"WebSite","@id":"https:\/\/www.swissfairtrade.ch\/it\/#website","url":"https:\/\/www.swissfairtrade.ch\/it\/","name":"Swiss Fair Trade","description":"","publisher":{"@id":"https:\/\/www.swissfairtrade.ch\/it\/#organization"},"potentialAction":[{"@type":"SearchAction","target":{"@type":"EntryPoint","urlTemplate":"https:\/\/www.swissfairtrade.ch\/it\/?s={search_term_string}"},"query-input":{"@type":"PropertyValueSpecification","valueRequired":true,"valueName":"search_term_string"}}],"inLanguage":"fr-FR"},{"@type":"Organization","@id":"https:\/\/www.swissfairtrade.ch\/it\/#organization","name":"Swiss Fair Trade","url":"https:\/\/www.swissfairtrade.ch\/it\/","logo":{"@type":"ImageObject","inLanguage":"fr-FR","@id":"https:\/\/www.swissfairtrade.ch\/it\/#\/schema\/logo\/image\/","url":"https:\/\/www.swissfairtrade.ch\/wp-content\/uploads\/SwissFairTrade-Logo-rgb-203.51.59-web.png","contentUrl":"https:\/\/www.swissfairtrade.ch\/wp-content\/uploads\/SwissFairTrade-Logo-rgb-203.51.59-web.png","width":130,"height":115,"caption":"Swiss Fair Trade"},"image":{"@id":"https:\/\/www.swissfairtrade.ch\/it\/#\/schema\/logo\/image\/"}},{"@type":"Person","@id":"https:\/\/www.swissfairtrade.ch\/it\/#\/schema\/person\/dc7912173b5d36be4048d6a648a7ed9d","name":"Swiss Fair Trade Admin","image":{"@type":"ImageObject","inLanguage":"fr-FR","@id":"https:\/\/www.swissfairtrade.ch\/it\/#\/schema\/person\/image\/","url":"https:\/\/secure.gravatar.com\/avatar\/21706817544124caa9f21ba8a9e2bc5eb34f8e2af2ab8d077048ab89384e7c8a?s=96&d=mm&r=g","contentUrl":"https:\/\/secure.gravatar.com\/avatar\/21706817544124caa9f21ba8a9e2bc5eb34f8e2af2ab8d077048ab89384e7c8a?s=96&d=mm&r=g","caption":"Swiss Fair Trade Admin"}}]}},"_links":{"self":[{"href":"https:\/\/www.swissfairtrade.ch\/fr\/wp-json\/wp\/v2\/posts\/13607","targetHints":{"allow":["GET"]}}],"collection":[{"href":"https:\/\/www.swissfairtrade.ch\/fr\/wp-json\/wp\/v2\/posts"}],"about":[{"href":"https:\/\/www.swissfairtrade.ch\/fr\/wp-json\/wp\/v2\/types\/post"}],"author":[{"embeddable":true,"href":"https:\/\/www.swissfairtrade.ch\/fr\/wp-json\/wp\/v2\/users\/3"}],"replies":[{"embeddable":true,"href":"https:\/\/www.swissfairtrade.ch\/fr\/wp-json\/wp\/v2\/comments?post=13607"}],"version-history":[{"count":0,"href":"https:\/\/www.swissfairtrade.ch\/fr\/wp-json\/wp\/v2\/posts\/13607\/revisions"}],"wp:featuredmedia":[{"embeddable":true,"href":"https:\/\/www.swissfairtrade.ch\/fr\/wp-json\/wp\/v2\/media\/13621"}],"wp:attachment":[{"href":"https:\/\/www.swissfairtrade.ch\/fr\/wp-json\/wp\/v2\/media?parent=13607"}],"wp:term":[{"taxonomy":"category","embeddable":true,"href":"https:\/\/www.swissfairtrade.ch\/fr\/wp-json\/wp\/v2\/categories?post=13607"},{"taxonomy":"post_tag","embeddable":true,"href":"https:\/\/www.swissfairtrade.ch\/fr\/wp-json\/wp\/v2\/tags?post=13607"}],"curies":[{"name":"wp","href":"https:\/\/api.w.org\/{rel}","templated":true}]}}