{"id":12815,"date":"2024-12-04T12:01:45","date_gmt":"2024-12-04T11:01:45","guid":{"rendered":"https:\/\/www.swissfairtrade.ch\/?p=12815"},"modified":"2024-12-04T12:01:45","modified_gmt":"2024-12-04T11:01:45","slug":"fair-fashion-award-2024-communique-de-presse","status":"publish","type":"post","link":"https:\/\/www.swissfairtrade.ch\/fr\/fair-fashion-award-2024-communique-de-presse\/","title":{"rendered":"Deux marques r\u00e9compens\u00e9es par le Fair Fashion Award 2024"},"content":{"rendered":"<div class=\"wpb-content-wrapper\"><p>[vc_row css=\u00a0\u00bb.vc_custom_1531834670119{margin-top: 20px !important;}\u00a0\u00bb][vc_column width=\u00a0\u00bb1\/6&Prime;][\/vc_column][vc_column width=\u00a0\u00bb2\/3&Prime; css=\u00a0\u00bb.vc_custom_1557310891367{background-position: center !important;background-repeat: no-repeat !important;background-size: cover !important;}\u00a0\u00bb][vc_column_text css=\u00a0\u00bb\u00a0\u00bb]<\/p>\n<div class=\"db-date\">\n<h2 style=\"text-align: center;\"><strong style=\"font-size: 16px;\"><img loading=\"lazy\" decoding=\"async\" class=\"aligncenter wp-image-12818 size-large\" src=\"https:\/\/www.swissfairtrade.ch\/wp-content\/uploads\/Gewinnende-Fair-Fashion-Award-2024-1024x807.jpg\" alt=\"\" width=\"1024\" height=\"807\" srcset=\"https:\/\/www.swissfairtrade.ch\/wp-content\/uploads\/Gewinnende-Fair-Fashion-Award-2024-1024x807.jpg 1024w, https:\/\/www.swissfairtrade.ch\/wp-content\/uploads\/Gewinnende-Fair-Fashion-Award-2024-355x280.jpg 355w, https:\/\/www.swissfairtrade.ch\/wp-content\/uploads\/Gewinnende-Fair-Fashion-Award-2024-768x605.jpg 768w, https:\/\/www.swissfairtrade.ch\/wp-content\/uploads\/Gewinnende-Fair-Fashion-Award-2024-1536x1211.jpg 1536w, https:\/\/www.swissfairtrade.ch\/wp-content\/uploads\/Gewinnende-Fair-Fashion-Award-2024-2048x1614.jpg 2048w, https:\/\/www.swissfairtrade.ch\/wp-content\/uploads\/Gewinnende-Fair-Fashion-Award-2024-500x394.jpg 500w\" sizes=\"auto, (max-width: 1024px) 100vw, 1024px\" \/><\/strong><\/h2>\n<\/div>\n<h2><\/h2>\n<h2 style=\"text-align: center;\"><strong>Deux marques r\u00e9compens\u00e9es par le <\/strong><\/h2>\n<h2 style=\"text-align: center;\"><strong>Fair Fashion Award 2024<\/strong><\/h2>\n<p>&nbsp;<\/p>\n<p><strong>Le premier prix pour les textiles \u00e9quitables de Suisse a \u00e9t\u00e9 d\u00e9cern\u00e9 \u00e0 Jungle Folk dans la cat\u00e9gorie \u00ab \u00e9mergent \u00bb et \u00e0 FTC Cashmere dans la cat\u00e9gorie \u00ab \u00e9tabli \u00bb. Jungle Folk produit une mode intemporelle \u00e0 partir de mat\u00e9riaux durables et soutient directement les petits producteurs et productrices du P\u00e9rou. Quant \u00e0 FTC Cashmere, elle produit des tricots de qualit\u00e9 sup\u00e9rieure selon un processus de fabrication unique. Ces deux entreprises ont re\u00e7u aujourd&rsquo;hui le Fair Fashion Award, r\u00e9compensant leurs efforts exemplaires pour le secteur.<\/strong><\/p>\n<p>&nbsp;<\/p>\n<p>Les personnes pr\u00e9sentes au Forum du futur sur les textiles durables ont attendu avec impatience la d\u00e9cision du jury qui a attribu\u00e9 le Fair Fashion Award. Et ce sont Pauline Treis, fondatrice de <a href=\"https:\/\/www.junglefolk.com\/\" target=\"_blank\" rel=\"noopener\">Jungle Folk<\/a>, et Adrian Knezovic, co-CEO de <a href=\"https:\/\/shop.ftc-cashmere.com\/en-ch\/impact.html\" target=\"_blank\" rel=\"noopener\">FTC Cashmere<\/a>, qui ont pu jubiler. Ces deux entreprises pionni\u00e8res se sont impos\u00e9es face \u00e0 une quarantaine de concurrents et ont chacune remport\u00e9 le Fair Fashion Award, dot\u00e9 cette ann\u00e9e de CHF 25&rsquo;000.<\/p>\n<p>&nbsp;<\/p>\n<h3>La transparence et la justice sociale sous les feux de la rampe<\/h3>\n<p>Cette ann\u00e9e tout au long du processus d&rsquo;\u00e9valuation, l&rsquo;accent a \u00e9t\u00e9 mis sur la transparence. En effet, la transparence est le fondement de la justice sociale et de la durabilit\u00e9. Le jury, compos\u00e9 de six personnes, a veill\u00e9 dans ses discussions \u00e0 ce que ces aspects soient consid\u00e9r\u00e9s dans leur globalit\u00e9. Robin Cornelius, membre du jury et fondateur de Product DNA, commente la d\u00e9cision : \u00ab <em>Les activit\u00e9s de durabilit\u00e9 sociale et environnementale de Jungle Folk et de FTC Cashmere nous ont convaincus. Jungle Folk travaille d&rsquo;\u00e9gal \u00e0 \u00e9gal avec les petits producteurs et productrices du P\u00e9rou et de Colombie et les conseille sur les tendances actuelles de la mode, les coupes et les tissus. FTC Cashmere est pr\u00e9sent \u00e0 tous les niveaux de sa cha\u00eene d&rsquo;approvisionnement, y compris personnellement, et met en \u0153uvre divers projets dans la cha\u00eene d&rsquo;approvisionnement afin d&rsquo;am\u00e9liorer le bien-\u00eatre des personnes et de la nature<\/em> \u00bb.<\/p>\n<p>Le jury \u00e9tait compos\u00e9 de Simon Aebi, membre de la direction de Fairtrade Max Havelaar, Tina Tomovic, collaboratrice scientifique senior \u00e0 la Haute \u00e9cole de Lucerne, Rebekka Sommerhalder, membre du comit\u00e9 de Fashion Revolution, ainsi que Gabriella Burkard et Martin Tschudin, du conseil de la fondation AMPHORA.<\/p>\n<p>&nbsp;<\/p>\n<h3>Des mod\u00e8les pour la branche textile<\/h3>\n<p>\u00ab <em>Nous sommes tr\u00e8s honor\u00e9s d&rsquo;avoir pu convaincre le jury de notre engagement, en particulier face \u00e0 des co-nomin\u00e9s aussi forts et remarquables. Le fait que notre collaboration mutuellement tr\u00e8s enrichissante avec les producteurs du P\u00e9rou et de Colombie ait \u00e9t\u00e9 soulign\u00e9e nous r\u00e9jouit particuli\u00e8rement. Cela nous conforte dans notre action et nous permet d&rsquo;en<\/em><em>visager l&rsquo;avenir avec s\u00e9r\u00e9nit\u00e9<\/em> \u00bb, se r\u00e9jouit Pauline Treis, laur\u00e9ate du prix.<\/p>\n<p>Adrian Knezovic de FTC Cashmere souligne lui aussi : \u00ab <em>Nous sommes vraiment tr\u00e8s heureux d&rsquo;avoir remport\u00e9 le Fair Fashion Award. Ce prix souligne notre engagement en faveur de la durabilit\u00e9 et nous conforte dans l&rsquo;id\u00e9e que nous sommes sur la bonne voie<\/em> \u00bb. Il a \u00e9galement soulign\u00e9 le fait que l&rsquo;entreprise souhaitait c\u00e9l\u00e9brer et partager ce prix avec l&rsquo;ensemble de son \u00e9quipe, des \u00e9leveurs et \u00e9leveuses de ch\u00e8vres aux designers en passant par l&rsquo;\u00e9quipe de production.<\/p>\n<p>&nbsp;<\/p>\n<h3>Un prix in\u00e9dit pour les textiles \u00e9quitables en Suisse<\/h3>\n<p>Le Fair Fashion Award r\u00e9compense ainsi les deux d\u00e9marches de durabilit\u00e9 qui se sont le plus distingu\u00e9es parmi les entreprises ou les projets textiles actifs en Suisse. L&rsquo;id\u00e9e du Fair Fashion Award a germ\u00e9 dans l&rsquo;esprit de donner un \u00e9cho aux bonnes pratiques du secteur textile. En effet, les innovations durables constituent une source d&rsquo;inspiration et favorisent un changement de mentalit\u00e9. Gr\u00e2ce \u00e0 la mise en r\u00e9seau et aux r\u00f4les de pr\u00e9curseurs, un changement durable peut avoir lieu.<br \/>\nAu printemps 2025, l&rsquo;appel \u00e0 candidatures pour le Fair Fashion Award de l&rsquo;ann\u00e9e prochaine sera lanc\u00e9. Le montant du prix s&rsquo;\u00e9l\u00e8vera \u00e0 nouveau \u00e0 25&rsquo;000 CHF, prestations de conseil comprises.<\/p>\n<p>Le Fair Fashion Award a \u00e9t\u00e9 rendu possible par la Fondation AMPHORA. Swiss Fair Trade est le garant de l&rsquo;Award. Les partenaires sont <a href=\"https:\/\/www.fairtrademaxhavelaar.ch\/fr\" target=\"_blank\" rel=\"noopener\">Fairtrade Max Havelaar<\/a> et <a href=\"https:\/\/www.fashionrevolution.ch\/\" target=\"_blank\" rel=\"noopener\">Fashion Revolution Switzerland<\/a>.<\/p>\n<p>&nbsp;<\/p>\n<h3>Contact et informations compl\u00e9mentaires<\/h3>\n<p>Pour les demandes de presse ou autres, contactez-nous \u00e0 l&rsquo;adresse <a href=\"mailto:award@swissfairtrade.ch\" target=\"_blank\" rel=\"noopener\">award@swissfairtrade.ch<\/a> ou Philipp Scheidiger <a href=\"philipp.scheidiger@swissfairtrade.ch\" target=\"_blank\" rel=\"noopener\">philipp.scheidiger@swissfairtrade.ch<\/a><\/p>\n<p>&nbsp;<\/p>\n<p>La Fondation <strong>AMPHORA<\/strong> soutient les initiatives suisses en faveur d&rsquo;une alimentation, de modes de production et de consommation durables et de la protection de l&rsquo;\u00e9cosyst\u00e8me terrestre.<\/p>\n<p>&nbsp;<\/p>\n<p><strong>Swiss Fair Trade<\/strong> est l&rsquo;association fa\u00eeti\u00e8re des organisations de commerce \u00e9quitable en Suisse. L&rsquo;association s&rsquo;engage \u00e0 promouvoir le commerce \u00e9quitable sur le territoire suisse, \u00e0 renforcer les structures commerciales \u00e9quitables et \u00e0 \u00e9tablir des exigences et des normes \u00e9lev\u00e9es en mati\u00e8re de commerce \u00e9quitable. Parmi les membres de Swiss Fair Trade figurent des organisations de commerce sp\u00e9cialis\u00e9es, des labels ainsi que des ONG qui s&rsquo;engagent politiquement pour un renforcement du commerce \u00e9quitable <a href=\"https:\/\/www.swissfairtrade.ch\/\" target=\"_blank\" rel=\"noopener\">www.swissfairtrade.ch<\/a>[\/vc_column_text][\/vc_column][vc_column width=\u00a0\u00bb1\/6&Prime;][\/vc_column][\/vc_row][vc_row][vc_column][vc_empty_space height=\u00a0\u00bb50px\u00a0\u00bb][vc_separator][vc_column_text]<\/p>\n<h3>Weitere Beitr\u00e4ge<\/h3>\n<p>[\/vc_column_text][vc_basic_grid post_type=\u00a0\u00bbpost\u00a0\u00bb max_items=\u00a0\u00bb9&Prime; gap=\u00a0\u00bb10&Prime; item=\u00a0\u00bb2035&Prime; grid_id=\u00a0\u00bbvc_gid:1733298979279-2d6b71a4-fcfb-5&Prime; taxonomies=\u00a0\u00bb23&Prime;][\/vc_column][\/vc_row]<\/p>\n<\/div>","protected":false},"excerpt":{"rendered":"<p>Le 29 octobre 2024, le premier prix suisse des textiles \u00e9quitables a r\u00e9compens\u00e9 Jungle Folk dans la cat\u00e9gorie \u00ab \u00e9mergent \u00bb et FTC Cashmere dans la cat\u00e9gorie \u00ab \u00e9tabli \u00bb. Ces deux entreprises pionni\u00e8res se sont distingu\u00e9es parmi pr\u00e8s de 40 concurrents et ont chacune remport\u00e9 le Fair Fashion Award, d&rsquo;une valeur de 25 000 CHF.<\/p>\n","protected":false},"author":3,"featured_media":12823,"comment_status":"closed","ping_status":"closed","sticky":false,"template":"","format":"standard","meta":{"generate_page_header":"","footnotes":"","_links_to":"","_links_to_target":""},"categories":[252],"tags":[],"class_list":["post-12815","post","type-post","status-publish","format-standard","has-post-thumbnail","hentry","category-blog-fr"],"yoast_head":"<!-- This site is optimized with the Yoast SEO plugin v26.2 - https:\/\/yoast.com\/wordpress\/plugins\/seo\/ -->\n<title>Deux marques r\u00e9compens\u00e9es par le Fair Fashion Award 2024<\/title>\n<meta name=\"description\" content=\"Le 29 octobre 2024, le premier prix suisse des textiles \u00e9quitables a r\u00e9compens\u00e9 Jungle Folk dans la cat\u00e9gorie \u00ab \u00e9mergent \u00bb et FTC Cashmere dans la cat\u00e9gorie \u00ab \u00e9tabli \u00bb.\" \/>\n<meta name=\"robots\" content=\"index, follow, max-snippet:-1, max-image-preview:large, max-video-preview:-1\" \/>\n<link rel=\"canonical\" href=\"https:\/\/www.swissfairtrade.ch\/fr\/fair-fashion-award-2024-communique-de-presse\/\" \/>\n<meta property=\"og:locale\" content=\"fr_FR\" \/>\n<meta property=\"og:type\" content=\"article\" \/>\n<meta property=\"og:title\" content=\"Deux marques r\u00e9compens\u00e9es par le Fair Fashion Award 2024\" \/>\n<meta property=\"og:description\" content=\"Le 29 octobre 2024, le premier prix suisse des textiles \u00e9quitables a r\u00e9compens\u00e9 Jungle Folk dans la cat\u00e9gorie \u00ab \u00e9mergent \u00bb et FTC Cashmere dans la cat\u00e9gorie \u00ab \u00e9tabli \u00bb.\" \/>\n<meta property=\"og:url\" content=\"https:\/\/www.swissfairtrade.ch\/fr\/fair-fashion-award-2024-communique-de-presse\/\" \/>\n<meta property=\"og:site_name\" content=\"Swiss Fair Trade\" \/>\n<meta property=\"article:published_time\" content=\"2024-12-04T11:01:45+00:00\" \/>\n<meta property=\"og:image\" content=\"https:\/\/www.swissfairtrade.ch\/wp-content\/uploads\/Fair-Fashion-Award-2024-Gewinner-scaled.jpg\" \/>\n\t<meta property=\"og:image:width\" content=\"2560\" \/>\n\t<meta property=\"og:image:height\" content=\"1569\" \/>\n\t<meta property=\"og:image:type\" content=\"image\/jpeg\" \/>\n<meta name=\"author\" content=\"Swiss Fair Trade Admin\" \/>\n<meta name=\"twitter:card\" content=\"summary_large_image\" \/>\n<meta name=\"twitter:label1\" content=\"\u00c9crit par\" \/>\n\t<meta name=\"twitter:data1\" content=\"Swiss Fair Trade Admin\" \/>\n\t<meta name=\"twitter:label2\" content=\"Dur\u00e9e de lecture estim\u00e9e\" \/>\n\t<meta name=\"twitter:data2\" content=\"5 minutes\" \/>\n<script type=\"application\/ld+json\" class=\"yoast-schema-graph\">{\"@context\":\"https:\/\/schema.org\",\"@graph\":[{\"@type\":\"Article\",\"@id\":\"https:\/\/www.swissfairtrade.ch\/fr\/fair-fashion-award-2024-communique-de-presse\/#article\",\"isPartOf\":{\"@id\":\"https:\/\/www.swissfairtrade.ch\/fr\/fair-fashion-award-2024-communique-de-presse\/\"},\"author\":{\"name\":\"Swiss Fair Trade Admin\",\"@id\":\"https:\/\/www.swissfairtrade.ch\/it\/#\/schema\/person\/dc7912173b5d36be4048d6a648a7ed9d\"},\"headline\":\"Deux marques r\u00e9compens\u00e9es par le Fair Fashion Award 2024\",\"datePublished\":\"2024-12-04T11:01:45+00:00\",\"mainEntityOfPage\":{\"@id\":\"https:\/\/www.swissfairtrade.ch\/fr\/fair-fashion-award-2024-communique-de-presse\/\"},\"wordCount\":964,\"publisher\":{\"@id\":\"https:\/\/www.swissfairtrade.ch\/it\/#organization\"},\"image\":{\"@id\":\"https:\/\/www.swissfairtrade.ch\/fr\/fair-fashion-award-2024-communique-de-presse\/#primaryimage\"},\"thumbnailUrl\":\"https:\/\/www.swissfairtrade.ch\/wp-content\/uploads\/Fair-Fashion-Award-2024-Gewinner-scaled.jpg\",\"articleSection\":[\"Blog FR\"],\"inLanguage\":\"fr-FR\"},{\"@type\":\"WebPage\",\"@id\":\"https:\/\/www.swissfairtrade.ch\/fr\/fair-fashion-award-2024-communique-de-presse\/\",\"url\":\"https:\/\/www.swissfairtrade.ch\/fr\/fair-fashion-award-2024-communique-de-presse\/\",\"name\":\"Deux marques r\u00e9compens\u00e9es par le Fair Fashion Award 2024\",\"isPartOf\":{\"@id\":\"https:\/\/www.swissfairtrade.ch\/it\/#website\"},\"primaryImageOfPage\":{\"@id\":\"https:\/\/www.swissfairtrade.ch\/fr\/fair-fashion-award-2024-communique-de-presse\/#primaryimage\"},\"image\":{\"@id\":\"https:\/\/www.swissfairtrade.ch\/fr\/fair-fashion-award-2024-communique-de-presse\/#primaryimage\"},\"thumbnailUrl\":\"https:\/\/www.swissfairtrade.ch\/wp-content\/uploads\/Fair-Fashion-Award-2024-Gewinner-scaled.jpg\",\"datePublished\":\"2024-12-04T11:01:45+00:00\",\"description\":\"Le 29 octobre 2024, le premier prix suisse des textiles \u00e9quitables a r\u00e9compens\u00e9 Jungle Folk dans la cat\u00e9gorie \u00ab \u00e9mergent \u00bb et FTC Cashmere dans la cat\u00e9gorie \u00ab \u00e9tabli \u00bb.\",\"breadcrumb\":{\"@id\":\"https:\/\/www.swissfairtrade.ch\/fr\/fair-fashion-award-2024-communique-de-presse\/#breadcrumb\"},\"inLanguage\":\"fr-FR\",\"potentialAction\":[{\"@type\":\"ReadAction\",\"target\":[\"https:\/\/www.swissfairtrade.ch\/fr\/fair-fashion-award-2024-communique-de-presse\/\"]}]},{\"@type\":\"ImageObject\",\"inLanguage\":\"fr-FR\",\"@id\":\"https:\/\/www.swissfairtrade.ch\/fr\/fair-fashion-award-2024-communique-de-presse\/#primaryimage\",\"url\":\"https:\/\/www.swissfairtrade.ch\/wp-content\/uploads\/Fair-Fashion-Award-2024-Gewinner-scaled.jpg\",\"contentUrl\":\"https:\/\/www.swissfairtrade.ch\/wp-content\/uploads\/Fair-Fashion-Award-2024-Gewinner-scaled.jpg\",\"width\":2560,\"height\":1569},{\"@type\":\"BreadcrumbList\",\"@id\":\"https:\/\/www.swissfairtrade.ch\/fr\/fair-fashion-award-2024-communique-de-presse\/#breadcrumb\",\"itemListElement\":[{\"@type\":\"ListItem\",\"position\":1,\"name\":\"Home\",\"item\":\"https:\/\/www.swissfairtrade.ch\/fr\/\"},{\"@type\":\"ListItem\",\"position\":2,\"name\":\"Deux marques r\u00e9compens\u00e9es par le Fair Fashion Award 2024\"}]},{\"@type\":\"WebSite\",\"@id\":\"https:\/\/www.swissfairtrade.ch\/it\/#website\",\"url\":\"https:\/\/www.swissfairtrade.ch\/it\/\",\"name\":\"Swiss Fair Trade\",\"description\":\"\",\"publisher\":{\"@id\":\"https:\/\/www.swissfairtrade.ch\/it\/#organization\"},\"potentialAction\":[{\"@type\":\"SearchAction\",\"target\":{\"@type\":\"EntryPoint\",\"urlTemplate\":\"https:\/\/www.swissfairtrade.ch\/it\/?s={search_term_string}\"},\"query-input\":{\"@type\":\"PropertyValueSpecification\",\"valueRequired\":true,\"valueName\":\"search_term_string\"}}],\"inLanguage\":\"fr-FR\"},{\"@type\":\"Organization\",\"@id\":\"https:\/\/www.swissfairtrade.ch\/it\/#organization\",\"name\":\"Swiss Fair Trade\",\"url\":\"https:\/\/www.swissfairtrade.ch\/it\/\",\"logo\":{\"@type\":\"ImageObject\",\"inLanguage\":\"fr-FR\",\"@id\":\"https:\/\/www.swissfairtrade.ch\/it\/#\/schema\/logo\/image\/\",\"url\":\"https:\/\/www.swissfairtrade.ch\/wp-content\/uploads\/SwissFairTrade-Logo-rgb-203.51.59-web.png\",\"contentUrl\":\"https:\/\/www.swissfairtrade.ch\/wp-content\/uploads\/SwissFairTrade-Logo-rgb-203.51.59-web.png\",\"width\":130,\"height\":115,\"caption\":\"Swiss Fair Trade\"},\"image\":{\"@id\":\"https:\/\/www.swissfairtrade.ch\/it\/#\/schema\/logo\/image\/\"}},{\"@type\":\"Person\",\"@id\":\"https:\/\/www.swissfairtrade.ch\/it\/#\/schema\/person\/dc7912173b5d36be4048d6a648a7ed9d\",\"name\":\"Swiss Fair Trade Admin\",\"image\":{\"@type\":\"ImageObject\",\"inLanguage\":\"fr-FR\",\"@id\":\"https:\/\/www.swissfairtrade.ch\/it\/#\/schema\/person\/image\/\",\"url\":\"https:\/\/secure.gravatar.com\/avatar\/21706817544124caa9f21ba8a9e2bc5eb34f8e2af2ab8d077048ab89384e7c8a?s=96&d=mm&r=g\",\"contentUrl\":\"https:\/\/secure.gravatar.com\/avatar\/21706817544124caa9f21ba8a9e2bc5eb34f8e2af2ab8d077048ab89384e7c8a?s=96&d=mm&r=g\",\"caption\":\"Swiss Fair Trade Admin\"}}]}<\/script>\n<!-- \/ Yoast SEO plugin. -->","yoast_head_json":{"title":"Deux marques r\u00e9compens\u00e9es par le Fair Fashion Award 2024","description":"Le 29 octobre 2024, le premier prix suisse des textiles \u00e9quitables a r\u00e9compens\u00e9 Jungle Folk dans la cat\u00e9gorie \u00ab \u00e9mergent \u00bb et FTC Cashmere dans la cat\u00e9gorie \u00ab \u00e9tabli \u00bb.","robots":{"index":"index","follow":"follow","max-snippet":"max-snippet:-1","max-image-preview":"max-image-preview:large","max-video-preview":"max-video-preview:-1"},"canonical":"https:\/\/www.swissfairtrade.ch\/fr\/fair-fashion-award-2024-communique-de-presse\/","og_locale":"fr_FR","og_type":"article","og_title":"Deux marques r\u00e9compens\u00e9es par le Fair Fashion Award 2024","og_description":"Le 29 octobre 2024, le premier prix suisse des textiles \u00e9quitables a r\u00e9compens\u00e9 Jungle Folk dans la cat\u00e9gorie \u00ab \u00e9mergent \u00bb et FTC Cashmere dans la cat\u00e9gorie \u00ab \u00e9tabli \u00bb.","og_url":"https:\/\/www.swissfairtrade.ch\/fr\/fair-fashion-award-2024-communique-de-presse\/","og_site_name":"Swiss Fair Trade","article_published_time":"2024-12-04T11:01:45+00:00","og_image":[{"width":2560,"height":1569,"url":"https:\/\/www.swissfairtrade.ch\/wp-content\/uploads\/Fair-Fashion-Award-2024-Gewinner-scaled.jpg","type":"image\/jpeg"}],"author":"Swiss Fair Trade Admin","twitter_card":"summary_large_image","twitter_misc":{"\u00c9crit par":"Swiss Fair Trade Admin","Dur\u00e9e de lecture estim\u00e9e":"5 minutes"},"schema":{"@context":"https:\/\/schema.org","@graph":[{"@type":"Article","@id":"https:\/\/www.swissfairtrade.ch\/fr\/fair-fashion-award-2024-communique-de-presse\/#article","isPartOf":{"@id":"https:\/\/www.swissfairtrade.ch\/fr\/fair-fashion-award-2024-communique-de-presse\/"},"author":{"name":"Swiss Fair Trade Admin","@id":"https:\/\/www.swissfairtrade.ch\/it\/#\/schema\/person\/dc7912173b5d36be4048d6a648a7ed9d"},"headline":"Deux marques r\u00e9compens\u00e9es par le Fair Fashion Award 2024","datePublished":"2024-12-04T11:01:45+00:00","mainEntityOfPage":{"@id":"https:\/\/www.swissfairtrade.ch\/fr\/fair-fashion-award-2024-communique-de-presse\/"},"wordCount":964,"publisher":{"@id":"https:\/\/www.swissfairtrade.ch\/it\/#organization"},"image":{"@id":"https:\/\/www.swissfairtrade.ch\/fr\/fair-fashion-award-2024-communique-de-presse\/#primaryimage"},"thumbnailUrl":"https:\/\/www.swissfairtrade.ch\/wp-content\/uploads\/Fair-Fashion-Award-2024-Gewinner-scaled.jpg","articleSection":["Blog FR"],"inLanguage":"fr-FR"},{"@type":"WebPage","@id":"https:\/\/www.swissfairtrade.ch\/fr\/fair-fashion-award-2024-communique-de-presse\/","url":"https:\/\/www.swissfairtrade.ch\/fr\/fair-fashion-award-2024-communique-de-presse\/","name":"Deux marques r\u00e9compens\u00e9es par le Fair Fashion Award 2024","isPartOf":{"@id":"https:\/\/www.swissfairtrade.ch\/it\/#website"},"primaryImageOfPage":{"@id":"https:\/\/www.swissfairtrade.ch\/fr\/fair-fashion-award-2024-communique-de-presse\/#primaryimage"},"image":{"@id":"https:\/\/www.swissfairtrade.ch\/fr\/fair-fashion-award-2024-communique-de-presse\/#primaryimage"},"thumbnailUrl":"https:\/\/www.swissfairtrade.ch\/wp-content\/uploads\/Fair-Fashion-Award-2024-Gewinner-scaled.jpg","datePublished":"2024-12-04T11:01:45+00:00","description":"Le 29 octobre 2024, le premier prix suisse des textiles \u00e9quitables a r\u00e9compens\u00e9 Jungle Folk dans la cat\u00e9gorie \u00ab \u00e9mergent \u00bb et FTC Cashmere dans la cat\u00e9gorie \u00ab \u00e9tabli \u00bb.","breadcrumb":{"@id":"https:\/\/www.swissfairtrade.ch\/fr\/fair-fashion-award-2024-communique-de-presse\/#breadcrumb"},"inLanguage":"fr-FR","potentialAction":[{"@type":"ReadAction","target":["https:\/\/www.swissfairtrade.ch\/fr\/fair-fashion-award-2024-communique-de-presse\/"]}]},{"@type":"ImageObject","inLanguage":"fr-FR","@id":"https:\/\/www.swissfairtrade.ch\/fr\/fair-fashion-award-2024-communique-de-presse\/#primaryimage","url":"https:\/\/www.swissfairtrade.ch\/wp-content\/uploads\/Fair-Fashion-Award-2024-Gewinner-scaled.jpg","contentUrl":"https:\/\/www.swissfairtrade.ch\/wp-content\/uploads\/Fair-Fashion-Award-2024-Gewinner-scaled.jpg","width":2560,"height":1569},{"@type":"BreadcrumbList","@id":"https:\/\/www.swissfairtrade.ch\/fr\/fair-fashion-award-2024-communique-de-presse\/#breadcrumb","itemListElement":[{"@type":"ListItem","position":1,"name":"Home","item":"https:\/\/www.swissfairtrade.ch\/fr\/"},{"@type":"ListItem","position":2,"name":"Deux marques r\u00e9compens\u00e9es par le Fair Fashion Award 2024"}]},{"@type":"WebSite","@id":"https:\/\/www.swissfairtrade.ch\/it\/#website","url":"https:\/\/www.swissfairtrade.ch\/it\/","name":"Swiss Fair Trade","description":"","publisher":{"@id":"https:\/\/www.swissfairtrade.ch\/it\/#organization"},"potentialAction":[{"@type":"SearchAction","target":{"@type":"EntryPoint","urlTemplate":"https:\/\/www.swissfairtrade.ch\/it\/?s={search_term_string}"},"query-input":{"@type":"PropertyValueSpecification","valueRequired":true,"valueName":"search_term_string"}}],"inLanguage":"fr-FR"},{"@type":"Organization","@id":"https:\/\/www.swissfairtrade.ch\/it\/#organization","name":"Swiss Fair Trade","url":"https:\/\/www.swissfairtrade.ch\/it\/","logo":{"@type":"ImageObject","inLanguage":"fr-FR","@id":"https:\/\/www.swissfairtrade.ch\/it\/#\/schema\/logo\/image\/","url":"https:\/\/www.swissfairtrade.ch\/wp-content\/uploads\/SwissFairTrade-Logo-rgb-203.51.59-web.png","contentUrl":"https:\/\/www.swissfairtrade.ch\/wp-content\/uploads\/SwissFairTrade-Logo-rgb-203.51.59-web.png","width":130,"height":115,"caption":"Swiss Fair Trade"},"image":{"@id":"https:\/\/www.swissfairtrade.ch\/it\/#\/schema\/logo\/image\/"}},{"@type":"Person","@id":"https:\/\/www.swissfairtrade.ch\/it\/#\/schema\/person\/dc7912173b5d36be4048d6a648a7ed9d","name":"Swiss Fair Trade Admin","image":{"@type":"ImageObject","inLanguage":"fr-FR","@id":"https:\/\/www.swissfairtrade.ch\/it\/#\/schema\/person\/image\/","url":"https:\/\/secure.gravatar.com\/avatar\/21706817544124caa9f21ba8a9e2bc5eb34f8e2af2ab8d077048ab89384e7c8a?s=96&d=mm&r=g","contentUrl":"https:\/\/secure.gravatar.com\/avatar\/21706817544124caa9f21ba8a9e2bc5eb34f8e2af2ab8d077048ab89384e7c8a?s=96&d=mm&r=g","caption":"Swiss Fair Trade Admin"}}]}},"_links":{"self":[{"href":"https:\/\/www.swissfairtrade.ch\/fr\/wp-json\/wp\/v2\/posts\/12815","targetHints":{"allow":["GET"]}}],"collection":[{"href":"https:\/\/www.swissfairtrade.ch\/fr\/wp-json\/wp\/v2\/posts"}],"about":[{"href":"https:\/\/www.swissfairtrade.ch\/fr\/wp-json\/wp\/v2\/types\/post"}],"author":[{"embeddable":true,"href":"https:\/\/www.swissfairtrade.ch\/fr\/wp-json\/wp\/v2\/users\/3"}],"replies":[{"embeddable":true,"href":"https:\/\/www.swissfairtrade.ch\/fr\/wp-json\/wp\/v2\/comments?post=12815"}],"version-history":[{"count":0,"href":"https:\/\/www.swissfairtrade.ch\/fr\/wp-json\/wp\/v2\/posts\/12815\/revisions"}],"wp:featuredmedia":[{"embeddable":true,"href":"https:\/\/www.swissfairtrade.ch\/fr\/wp-json\/wp\/v2\/media\/12823"}],"wp:attachment":[{"href":"https:\/\/www.swissfairtrade.ch\/fr\/wp-json\/wp\/v2\/media?parent=12815"}],"wp:term":[{"taxonomy":"category","embeddable":true,"href":"https:\/\/www.swissfairtrade.ch\/fr\/wp-json\/wp\/v2\/categories?post=12815"},{"taxonomy":"post_tag","embeddable":true,"href":"https:\/\/www.swissfairtrade.ch\/fr\/wp-json\/wp\/v2\/tags?post=12815"}],"curies":[{"name":"wp","href":"https:\/\/api.w.org\/{rel}","templated":true}]}}