{"id":10510,"date":"2022-01-17T14:33:44","date_gmt":"2022-01-17T13:33:44","guid":{"rendered":"https:\/\/www.swissfairtrade.ch\/?p=10510"},"modified":"2022-01-17T14:35:16","modified_gmt":"2022-01-17T13:35:16","slug":"economie-textile-ecologique-equitable","status":"publish","type":"post","link":"https:\/\/www.swissfairtrade.ch\/fr\/economie-textile-ecologique-equitable\/","title":{"rendered":"Pour une \u00e9conomie textile \u00e9cologique et \u00e9quitable avec les entreprises et les communes suisses"},"content":{"rendered":"<div class=\"wpb-content-wrapper\"><p>[vc_row css=\u00a0\u00bb.vc_custom_1531834670119{margin-top: 20px !important;}\u00a0\u00bb][vc_column width=\u00a0\u00bb1\/6&Prime;][\/vc_column][vc_column width=\u00a0\u00bb2\/3&Prime;][vc_column_text]17 janvier 2022<\/p>\n<h2 style=\"text-align: center;\">Pour une \u00e9conomie textile \u00e9cologique et \u00e9quitable avec les entreprises et les communes suisses<\/h2>\n<div>\n<p><img loading=\"lazy\" decoding=\"async\" class=\"aligncenter size-large wp-image-10428\" src=\"https:\/\/www.swissfairtrade.ch\/wp-content\/uploads\/STS_Postbilder_2-1024x379.jpg\" alt=\"\" width=\"1024\" height=\"379\" srcset=\"https:\/\/www.swissfairtrade.ch\/wp-content\/uploads\/STS_Postbilder_2-1024x379.jpg 1024w, https:\/\/www.swissfairtrade.ch\/wp-content\/uploads\/STS_Postbilder_2-525x194.jpg 525w, https:\/\/www.swissfairtrade.ch\/wp-content\/uploads\/STS_Postbilder_2-768x284.jpg 768w, https:\/\/www.swissfairtrade.ch\/wp-content\/uploads\/STS_Postbilder_2-500x185.jpg 500w, https:\/\/www.swissfairtrade.ch\/wp-content\/uploads\/STS_Postbilder_2.jpg 1080w\" sizes=\"auto, (max-width: 1024px) 100vw, 1024px\" \/><\/p>\n<p><strong>Le <a href=\"https:\/\/www.sts2030.ch\/?lang=fr\" target=\"_blank\" rel=\"noopener\">programme Sustainable Textiles 2030<\/a> (STS 2030), qui vient d&rsquo;\u00eatre lanc\u00e9, rassemble les forces de la branche suisse du textile et de l&rsquo;habillement: les entreprises actives en Suisse se fixent des objectifs et des mesures concr\u00e8tes sur les th\u00e8mes de la protection du climat, des conditions de travail, de la transparence et de l&rsquo;\u00e9conomie circulaire, qu&rsquo;elles auront mis en \u0153uvre d&rsquo;ici 2030. Les objectifs du programme STS 2030 ont \u00e9t\u00e9 \u00e9labor\u00e9s dans le cadre d&rsquo;un \u00e9change \u00e9troit entre <\/strong><strong>les principaux acteurs suisses du secteur textile &#8211; Swiss Textiles, amfori Suisse et Swiss Fair Trade.<\/strong><\/p>\n<p>Ils se basent sur les <strong>Objectifs de d\u00e9veloppement durable (ODD) de l&rsquo;ONU<\/strong>. Il en r\u00e9sulte quatre objectifs formul\u00e9s comme des priorit\u00e9s vers lesquelles l&rsquo;ensemble de la branche veut tendre au cours des huit prochaines ann\u00e9es : (1) une r\u00e9duction massive des \u00e9missions de gaz \u00e0 effet de serre dans le secteur textile, (2) la promotion de salaires \u00e9quitables et d&rsquo;un travail d\u00e9cent tout au long de la cha\u00eene de cr\u00e9ation de valeur, (3) la promotion de mod\u00e8les commerciaux innovants vers une \u00e9conomie circulaire et (4) la transparence afin de garantir que des d\u00e9cisions d&rsquo;achat durables puissent \u00eatre prises.<\/p>\n<p>Si l&rsquo;on ach\u00e8te d\u00e9sormais aupr\u00e8s d&rsquo;une entreprise qui fait partie du <a href=\"https:\/\/www.sts2030.ch\/?lang=fr\" target=\"_blank\" rel=\"noopener\">programme STS 2030<\/a>, on peut le faire en sachant qu&rsquo;elle s&rsquo;engage \u00e0 respecter les quatre piliers fondamentaux du programme et \u00e0 prendre des mesures \u00e0 tous ces niveaux pour une <strong>industrie du textile et de l&rsquo;habillement transparente, \u00e9cologique et \u00e9quitable<\/strong>.<\/p>\n<p><a href=\"https:\/\/www.sts2030.ch\/publication-des-resultats-de-letude-de-marche\/?lang=fr\" target=\"_blank\" rel=\"noopener\">L&rsquo;\u00e9tude de march\u00e9<\/a> sur le comportement d&rsquo;achat des textiles durables, r\u00e9alis\u00e9e pour la premi\u00e8re fois en Suisse et publi\u00e9e r\u00e9cemment, montre que cela devient de plus en plus important pour les consommatrices et consommateurs en Suisse. Ainsi, les consommateurs attendent de plus en plus que les entreprises <strong>prennent leurs responsabilit\u00e9s vis-\u00e0-vis de leur empreinte sociale et \u00e9cologique<\/strong> et proposent une offre correspondante. Car &#8211; et c&rsquo;est \u00e9galement une conclusion<br \/>\ncentrale de l&rsquo;\u00e9tude &#8211; une condition importante pour des d\u00e9cisions d&rsquo;achat durables est la<br \/>\ndisponibilit\u00e9 de v\u00eatements \u00e9cologiques et \u00e9quitables.<\/p>\n<p>Le programme STS 2030 montre d\u00e9sormais la voie. Car les initiateurs en sont convaincus: <strong>n&rsquo;avoir plus que des textiles \u00e9cologiques et \u00e9quitables dans son assortiment sera un must pour les entreprises<\/strong> au plus tard en 2030. La concentration de toutes les forces sur les quatre domaines ayant le plus grand effet de levier dans la branche textile a le potentiel de transformer cette branche en profondeur.<\/p>\n<\/div>\n<p>[\/vc_column_text][\/vc_column][vc_column width=\u00a0\u00bb1\/6&Prime;][\/vc_column][\/vc_row][vc_row][vc_column][vc_empty_space height=\u00a0\u00bb50px\u00a0\u00bb][vc_separator][vc_column_text]<\/p>\n<h3>Autres nouveaut\u00e9s<\/h3>\n<p>[\/vc_column_text][vc_basic_grid post_type=\u00a0\u00bbpost\u00a0\u00bb max_items=\u00a0\u00bb9&Prime; gap=\u00a0\u00bb10&Prime; item=\u00a0\u00bb5042&Prime; grid_id=\u00a0\u00bbvc_gid:1642426499654-8d7622be-aee8-10&Prime; taxonomies=\u00a0\u00bb23&Prime;][\/vc_column][\/vc_row]<\/p>\n<\/div>","protected":false},"excerpt":{"rendered":"<p>Le programme Sustainable Textiles 2030 (STS 2030), qui vient d&rsquo;\u00eatre lanc\u00e9, rassemble les forces de la branche suisse du textile et de l&rsquo;habillement: lesentreprises actives en Suisse se fixent des objectifs et des mesures concr\u00e8tes sur les th\u00e8mes de la protection du climat, des conditions de travail, de la transparence et de l&rsquo;\u00e9conomie circulaire, qu&rsquo;elles auront mis en \u0153uvre d&rsquo;ici 2030.<\/p>\n","protected":false},"author":3,"featured_media":10428,"comment_status":"closed","ping_status":"closed","sticky":false,"template":"","format":"standard","meta":{"generate_page_header":"","footnotes":"","_links_to":"","_links_to_target":""},"categories":[252],"tags":[],"class_list":["post-10510","post","type-post","status-publish","format-standard","has-post-thumbnail","hentry","category-blog-fr"],"yoast_head":"<!-- This site is optimized with the Yoast SEO plugin v26.2 - https:\/\/yoast.com\/wordpress\/plugins\/seo\/ -->\n<title>Pour une \u00e9conomie textile \u00e9cologique et \u00e9quitable avec les entreprises et les communes suisses - Swiss Fair Trade<\/title>\n<meta name=\"description\" content=\"Le programme Sustainable Textiles 2030 (STS 2030), qui vient d&#039;\u00eatre lanc\u00e9, rassemble les forces de la branche suisse du textile et de l&#039;habillement.\" \/>\n<meta name=\"robots\" content=\"index, follow, max-snippet:-1, max-image-preview:large, max-video-preview:-1\" \/>\n<link rel=\"canonical\" href=\"https:\/\/www.swissfairtrade.ch\/fr\/economie-textile-ecologique-equitable\/\" \/>\n<meta property=\"og:locale\" content=\"fr_FR\" \/>\n<meta property=\"og:type\" content=\"article\" \/>\n<meta property=\"og:title\" content=\"Pour une \u00e9conomie textile \u00e9cologique et \u00e9quitable avec les entreprises et les communes suisses - Swiss Fair Trade\" \/>\n<meta property=\"og:description\" content=\"Le programme Sustainable Textiles 2030 (STS 2030), qui vient d&#039;\u00eatre lanc\u00e9, rassemble les forces de la branche suisse du textile et de l&#039;habillement.\" \/>\n<meta property=\"og:url\" content=\"https:\/\/www.swissfairtrade.ch\/fr\/economie-textile-ecologique-equitable\/\" \/>\n<meta property=\"og:site_name\" content=\"Swiss Fair Trade\" \/>\n<meta property=\"article:published_time\" content=\"2022-01-17T13:33:44+00:00\" \/>\n<meta property=\"article:modified_time\" content=\"2022-01-17T13:35:16+00:00\" \/>\n<meta property=\"og:image\" content=\"https:\/\/www.swissfairtrade.ch\/wp-content\/uploads\/STS_Postbilder_2.jpg\" \/>\n\t<meta property=\"og:image:width\" content=\"1080\" \/>\n\t<meta property=\"og:image:height\" content=\"400\" \/>\n\t<meta property=\"og:image:type\" content=\"image\/jpeg\" \/>\n<meta name=\"author\" content=\"Swiss Fair Trade Admin\" \/>\n<meta name=\"twitter:card\" content=\"summary_large_image\" \/>\n<meta name=\"twitter:label1\" content=\"\u00c9crit par\" \/>\n\t<meta name=\"twitter:data1\" content=\"Swiss Fair Trade Admin\" \/>\n\t<meta name=\"twitter:label2\" content=\"Dur\u00e9e de lecture estim\u00e9e\" \/>\n\t<meta name=\"twitter:data2\" content=\"3 minutes\" \/>\n<script type=\"application\/ld+json\" class=\"yoast-schema-graph\">{\"@context\":\"https:\/\/schema.org\",\"@graph\":[{\"@type\":\"Article\",\"@id\":\"https:\/\/www.swissfairtrade.ch\/fr\/economie-textile-ecologique-equitable\/#article\",\"isPartOf\":{\"@id\":\"https:\/\/www.swissfairtrade.ch\/fr\/economie-textile-ecologique-equitable\/\"},\"author\":{\"name\":\"Swiss Fair Trade Admin\",\"@id\":\"https:\/\/www.swissfairtrade.ch\/it\/#\/schema\/person\/dc7912173b5d36be4048d6a648a7ed9d\"},\"headline\":\"Pour une \u00e9conomie textile \u00e9cologique et \u00e9quitable avec les entreprises et les communes suisses\",\"datePublished\":\"2022-01-17T13:33:44+00:00\",\"dateModified\":\"2022-01-17T13:35:16+00:00\",\"mainEntityOfPage\":{\"@id\":\"https:\/\/www.swissfairtrade.ch\/fr\/economie-textile-ecologique-equitable\/\"},\"wordCount\":533,\"publisher\":{\"@id\":\"https:\/\/www.swissfairtrade.ch\/it\/#organization\"},\"image\":{\"@id\":\"https:\/\/www.swissfairtrade.ch\/fr\/economie-textile-ecologique-equitable\/#primaryimage\"},\"thumbnailUrl\":\"https:\/\/www.swissfairtrade.ch\/wp-content\/uploads\/STS_Postbilder_2.jpg\",\"articleSection\":[\"Blog FR\"],\"inLanguage\":\"fr-FR\"},{\"@type\":\"WebPage\",\"@id\":\"https:\/\/www.swissfairtrade.ch\/fr\/economie-textile-ecologique-equitable\/\",\"url\":\"https:\/\/www.swissfairtrade.ch\/fr\/economie-textile-ecologique-equitable\/\",\"name\":\"Pour une \u00e9conomie textile \u00e9cologique et \u00e9quitable avec les entreprises et les communes suisses - Swiss Fair Trade\",\"isPartOf\":{\"@id\":\"https:\/\/www.swissfairtrade.ch\/it\/#website\"},\"primaryImageOfPage\":{\"@id\":\"https:\/\/www.swissfairtrade.ch\/fr\/economie-textile-ecologique-equitable\/#primaryimage\"},\"image\":{\"@id\":\"https:\/\/www.swissfairtrade.ch\/fr\/economie-textile-ecologique-equitable\/#primaryimage\"},\"thumbnailUrl\":\"https:\/\/www.swissfairtrade.ch\/wp-content\/uploads\/STS_Postbilder_2.jpg\",\"datePublished\":\"2022-01-17T13:33:44+00:00\",\"dateModified\":\"2022-01-17T13:35:16+00:00\",\"description\":\"Le programme Sustainable Textiles 2030 (STS 2030), qui vient d'\u00eatre lanc\u00e9, rassemble les forces de la branche suisse du textile et de l'habillement.\",\"breadcrumb\":{\"@id\":\"https:\/\/www.swissfairtrade.ch\/fr\/economie-textile-ecologique-equitable\/#breadcrumb\"},\"inLanguage\":\"fr-FR\",\"potentialAction\":[{\"@type\":\"ReadAction\",\"target\":[\"https:\/\/www.swissfairtrade.ch\/fr\/economie-textile-ecologique-equitable\/\"]}]},{\"@type\":\"ImageObject\",\"inLanguage\":\"fr-FR\",\"@id\":\"https:\/\/www.swissfairtrade.ch\/fr\/economie-textile-ecologique-equitable\/#primaryimage\",\"url\":\"https:\/\/www.swissfairtrade.ch\/wp-content\/uploads\/STS_Postbilder_2.jpg\",\"contentUrl\":\"https:\/\/www.swissfairtrade.ch\/wp-content\/uploads\/STS_Postbilder_2.jpg\",\"width\":1080,\"height\":400},{\"@type\":\"BreadcrumbList\",\"@id\":\"https:\/\/www.swissfairtrade.ch\/fr\/economie-textile-ecologique-equitable\/#breadcrumb\",\"itemListElement\":[{\"@type\":\"ListItem\",\"position\":1,\"name\":\"Home\",\"item\":\"https:\/\/www.swissfairtrade.ch\/fr\/\"},{\"@type\":\"ListItem\",\"position\":2,\"name\":\"Pour une \u00e9conomie textile \u00e9cologique et \u00e9quitable avec les entreprises et les communes suisses\"}]},{\"@type\":\"WebSite\",\"@id\":\"https:\/\/www.swissfairtrade.ch\/it\/#website\",\"url\":\"https:\/\/www.swissfairtrade.ch\/it\/\",\"name\":\"Swiss Fair Trade\",\"description\":\"\",\"publisher\":{\"@id\":\"https:\/\/www.swissfairtrade.ch\/it\/#organization\"},\"potentialAction\":[{\"@type\":\"SearchAction\",\"target\":{\"@type\":\"EntryPoint\",\"urlTemplate\":\"https:\/\/www.swissfairtrade.ch\/it\/?s={search_term_string}\"},\"query-input\":{\"@type\":\"PropertyValueSpecification\",\"valueRequired\":true,\"valueName\":\"search_term_string\"}}],\"inLanguage\":\"fr-FR\"},{\"@type\":\"Organization\",\"@id\":\"https:\/\/www.swissfairtrade.ch\/it\/#organization\",\"name\":\"Swiss Fair Trade\",\"url\":\"https:\/\/www.swissfairtrade.ch\/it\/\",\"logo\":{\"@type\":\"ImageObject\",\"inLanguage\":\"fr-FR\",\"@id\":\"https:\/\/www.swissfairtrade.ch\/it\/#\/schema\/logo\/image\/\",\"url\":\"https:\/\/www.swissfairtrade.ch\/wp-content\/uploads\/SwissFairTrade-Logo-rgb-203.51.59-web.png\",\"contentUrl\":\"https:\/\/www.swissfairtrade.ch\/wp-content\/uploads\/SwissFairTrade-Logo-rgb-203.51.59-web.png\",\"width\":130,\"height\":115,\"caption\":\"Swiss Fair Trade\"},\"image\":{\"@id\":\"https:\/\/www.swissfairtrade.ch\/it\/#\/schema\/logo\/image\/\"}},{\"@type\":\"Person\",\"@id\":\"https:\/\/www.swissfairtrade.ch\/it\/#\/schema\/person\/dc7912173b5d36be4048d6a648a7ed9d\",\"name\":\"Swiss Fair Trade Admin\",\"image\":{\"@type\":\"ImageObject\",\"inLanguage\":\"fr-FR\",\"@id\":\"https:\/\/www.swissfairtrade.ch\/it\/#\/schema\/person\/image\/\",\"url\":\"https:\/\/secure.gravatar.com\/avatar\/21706817544124caa9f21ba8a9e2bc5eb34f8e2af2ab8d077048ab89384e7c8a?s=96&d=mm&r=g\",\"contentUrl\":\"https:\/\/secure.gravatar.com\/avatar\/21706817544124caa9f21ba8a9e2bc5eb34f8e2af2ab8d077048ab89384e7c8a?s=96&d=mm&r=g\",\"caption\":\"Swiss Fair Trade Admin\"}}]}<\/script>\n<!-- \/ Yoast SEO plugin. -->","yoast_head_json":{"title":"Pour une \u00e9conomie textile \u00e9cologique et \u00e9quitable avec les entreprises et les communes suisses - Swiss Fair Trade","description":"Le programme Sustainable Textiles 2030 (STS 2030), qui vient d'\u00eatre lanc\u00e9, rassemble les forces de la branche suisse du textile et de l'habillement.","robots":{"index":"index","follow":"follow","max-snippet":"max-snippet:-1","max-image-preview":"max-image-preview:large","max-video-preview":"max-video-preview:-1"},"canonical":"https:\/\/www.swissfairtrade.ch\/fr\/economie-textile-ecologique-equitable\/","og_locale":"fr_FR","og_type":"article","og_title":"Pour une \u00e9conomie textile \u00e9cologique et \u00e9quitable avec les entreprises et les communes suisses - Swiss Fair Trade","og_description":"Le programme Sustainable Textiles 2030 (STS 2030), qui vient d'\u00eatre lanc\u00e9, rassemble les forces de la branche suisse du textile et de l'habillement.","og_url":"https:\/\/www.swissfairtrade.ch\/fr\/economie-textile-ecologique-equitable\/","og_site_name":"Swiss Fair Trade","article_published_time":"2022-01-17T13:33:44+00:00","article_modified_time":"2022-01-17T13:35:16+00:00","og_image":[{"width":1080,"height":400,"url":"https:\/\/www.swissfairtrade.ch\/wp-content\/uploads\/STS_Postbilder_2.jpg","type":"image\/jpeg"}],"author":"Swiss Fair Trade Admin","twitter_card":"summary_large_image","twitter_misc":{"\u00c9crit par":"Swiss Fair Trade Admin","Dur\u00e9e de lecture estim\u00e9e":"3 minutes"},"schema":{"@context":"https:\/\/schema.org","@graph":[{"@type":"Article","@id":"https:\/\/www.swissfairtrade.ch\/fr\/economie-textile-ecologique-equitable\/#article","isPartOf":{"@id":"https:\/\/www.swissfairtrade.ch\/fr\/economie-textile-ecologique-equitable\/"},"author":{"name":"Swiss Fair Trade Admin","@id":"https:\/\/www.swissfairtrade.ch\/it\/#\/schema\/person\/dc7912173b5d36be4048d6a648a7ed9d"},"headline":"Pour une \u00e9conomie textile \u00e9cologique et \u00e9quitable avec les entreprises et les communes suisses","datePublished":"2022-01-17T13:33:44+00:00","dateModified":"2022-01-17T13:35:16+00:00","mainEntityOfPage":{"@id":"https:\/\/www.swissfairtrade.ch\/fr\/economie-textile-ecologique-equitable\/"},"wordCount":533,"publisher":{"@id":"https:\/\/www.swissfairtrade.ch\/it\/#organization"},"image":{"@id":"https:\/\/www.swissfairtrade.ch\/fr\/economie-textile-ecologique-equitable\/#primaryimage"},"thumbnailUrl":"https:\/\/www.swissfairtrade.ch\/wp-content\/uploads\/STS_Postbilder_2.jpg","articleSection":["Blog FR"],"inLanguage":"fr-FR"},{"@type":"WebPage","@id":"https:\/\/www.swissfairtrade.ch\/fr\/economie-textile-ecologique-equitable\/","url":"https:\/\/www.swissfairtrade.ch\/fr\/economie-textile-ecologique-equitable\/","name":"Pour une \u00e9conomie textile \u00e9cologique et \u00e9quitable avec les entreprises et les communes suisses - Swiss Fair Trade","isPartOf":{"@id":"https:\/\/www.swissfairtrade.ch\/it\/#website"},"primaryImageOfPage":{"@id":"https:\/\/www.swissfairtrade.ch\/fr\/economie-textile-ecologique-equitable\/#primaryimage"},"image":{"@id":"https:\/\/www.swissfairtrade.ch\/fr\/economie-textile-ecologique-equitable\/#primaryimage"},"thumbnailUrl":"https:\/\/www.swissfairtrade.ch\/wp-content\/uploads\/STS_Postbilder_2.jpg","datePublished":"2022-01-17T13:33:44+00:00","dateModified":"2022-01-17T13:35:16+00:00","description":"Le programme Sustainable Textiles 2030 (STS 2030), qui vient d'\u00eatre lanc\u00e9, rassemble les forces de la branche suisse du textile et de l'habillement.","breadcrumb":{"@id":"https:\/\/www.swissfairtrade.ch\/fr\/economie-textile-ecologique-equitable\/#breadcrumb"},"inLanguage":"fr-FR","potentialAction":[{"@type":"ReadAction","target":["https:\/\/www.swissfairtrade.ch\/fr\/economie-textile-ecologique-equitable\/"]}]},{"@type":"ImageObject","inLanguage":"fr-FR","@id":"https:\/\/www.swissfairtrade.ch\/fr\/economie-textile-ecologique-equitable\/#primaryimage","url":"https:\/\/www.swissfairtrade.ch\/wp-content\/uploads\/STS_Postbilder_2.jpg","contentUrl":"https:\/\/www.swissfairtrade.ch\/wp-content\/uploads\/STS_Postbilder_2.jpg","width":1080,"height":400},{"@type":"BreadcrumbList","@id":"https:\/\/www.swissfairtrade.ch\/fr\/economie-textile-ecologique-equitable\/#breadcrumb","itemListElement":[{"@type":"ListItem","position":1,"name":"Home","item":"https:\/\/www.swissfairtrade.ch\/fr\/"},{"@type":"ListItem","position":2,"name":"Pour une \u00e9conomie textile \u00e9cologique et \u00e9quitable avec les entreprises et les communes suisses"}]},{"@type":"WebSite","@id":"https:\/\/www.swissfairtrade.ch\/it\/#website","url":"https:\/\/www.swissfairtrade.ch\/it\/","name":"Swiss Fair Trade","description":"","publisher":{"@id":"https:\/\/www.swissfairtrade.ch\/it\/#organization"},"potentialAction":[{"@type":"SearchAction","target":{"@type":"EntryPoint","urlTemplate":"https:\/\/www.swissfairtrade.ch\/it\/?s={search_term_string}"},"query-input":{"@type":"PropertyValueSpecification","valueRequired":true,"valueName":"search_term_string"}}],"inLanguage":"fr-FR"},{"@type":"Organization","@id":"https:\/\/www.swissfairtrade.ch\/it\/#organization","name":"Swiss Fair Trade","url":"https:\/\/www.swissfairtrade.ch\/it\/","logo":{"@type":"ImageObject","inLanguage":"fr-FR","@id":"https:\/\/www.swissfairtrade.ch\/it\/#\/schema\/logo\/image\/","url":"https:\/\/www.swissfairtrade.ch\/wp-content\/uploads\/SwissFairTrade-Logo-rgb-203.51.59-web.png","contentUrl":"https:\/\/www.swissfairtrade.ch\/wp-content\/uploads\/SwissFairTrade-Logo-rgb-203.51.59-web.png","width":130,"height":115,"caption":"Swiss Fair Trade"},"image":{"@id":"https:\/\/www.swissfairtrade.ch\/it\/#\/schema\/logo\/image\/"}},{"@type":"Person","@id":"https:\/\/www.swissfairtrade.ch\/it\/#\/schema\/person\/dc7912173b5d36be4048d6a648a7ed9d","name":"Swiss Fair Trade Admin","image":{"@type":"ImageObject","inLanguage":"fr-FR","@id":"https:\/\/www.swissfairtrade.ch\/it\/#\/schema\/person\/image\/","url":"https:\/\/secure.gravatar.com\/avatar\/21706817544124caa9f21ba8a9e2bc5eb34f8e2af2ab8d077048ab89384e7c8a?s=96&d=mm&r=g","contentUrl":"https:\/\/secure.gravatar.com\/avatar\/21706817544124caa9f21ba8a9e2bc5eb34f8e2af2ab8d077048ab89384e7c8a?s=96&d=mm&r=g","caption":"Swiss Fair Trade Admin"}}]}},"_links":{"self":[{"href":"https:\/\/www.swissfairtrade.ch\/fr\/wp-json\/wp\/v2\/posts\/10510","targetHints":{"allow":["GET"]}}],"collection":[{"href":"https:\/\/www.swissfairtrade.ch\/fr\/wp-json\/wp\/v2\/posts"}],"about":[{"href":"https:\/\/www.swissfairtrade.ch\/fr\/wp-json\/wp\/v2\/types\/post"}],"author":[{"embeddable":true,"href":"https:\/\/www.swissfairtrade.ch\/fr\/wp-json\/wp\/v2\/users\/3"}],"replies":[{"embeddable":true,"href":"https:\/\/www.swissfairtrade.ch\/fr\/wp-json\/wp\/v2\/comments?post=10510"}],"version-history":[{"count":0,"href":"https:\/\/www.swissfairtrade.ch\/fr\/wp-json\/wp\/v2\/posts\/10510\/revisions"}],"wp:featuredmedia":[{"embeddable":true,"href":"https:\/\/www.swissfairtrade.ch\/fr\/wp-json\/wp\/v2\/media\/10428"}],"wp:attachment":[{"href":"https:\/\/www.swissfairtrade.ch\/fr\/wp-json\/wp\/v2\/media?parent=10510"}],"wp:term":[{"taxonomy":"category","embeddable":true,"href":"https:\/\/www.swissfairtrade.ch\/fr\/wp-json\/wp\/v2\/categories?post=10510"},{"taxonomy":"post_tag","embeddable":true,"href":"https:\/\/www.swissfairtrade.ch\/fr\/wp-json\/wp\/v2\/tags?post=10510"}],"curies":[{"name":"wp","href":"https:\/\/api.w.org\/{rel}","templated":true}]}}