{"id":10342,"date":"2021-11-04T09:04:22","date_gmt":"2021-11-04T08:04:22","guid":{"rendered":"https:\/\/www.swissfairtrade.ch\/?p=10342"},"modified":"2021-12-07T14:26:11","modified_gmt":"2021-12-07T13:26:11","slug":"fair-week","status":"publish","type":"post","link":"https:\/\/www.swissfairtrade.ch\/fr\/fair-week\/","title":{"rendered":"Fair week: la semaine \u00e9quitable \u00e0 Gen\u00e8ve"},"content":{"rendered":"<div class=\"wpb-content-wrapper\"><p>[vc_row css=\u00a0\u00bb.vc_custom_1531834670119{margin-top: 20px !important;}\u00a0\u00bb][vc_column width=\u00a0\u00bb1\/6&Prime;][\/vc_column][vc_column width=\u00a0\u00bb2\/3&Prime;][vc_column_text]4 novembre 2021<\/p>\n<h2 style=\"text-align: center;\"><strong>Fair Week: la semaine \u00e9quitable \u00e0 Gen\u00e8ve<\/strong><\/h2>\n<div>\n<p><strong>A Gen\u00e8ve, des communes, des associations et des commerces proposent, du 20 au 27 novembre 2021, la <a href=\"https:\/\/www.mdm.ch\/index.php\/node\/577?fbclid=IwAR3xCGPxSfV8qu7NqhN1gkCGDEztqWoCZ44znh_VYY3EBL7hxjj_VUMRnrQ\" target=\"_blank\" rel=\"noopener\"><em>Fair Week<\/em><\/a>, pour une consommation \u00e9quitable et durable. Une <a href=\"https:\/\/www.mdm.ch\/index.php\/node\/566\" target=\"_blank\" rel=\"noopener\">table ronde<\/a> , avec la participation de collaboratrices de Pain pour le prochain et Action de Car\u00eame r\u00e9fl\u00e9chira aux liens entre commerce local et commerce \u00e9quitable.<\/strong><\/p>\n<p>Avec l\u2019explosion du commerce en ligne et l\u2019arriv\u00e9e des achats de fin d\u2019ann\u00e9e, des acteurs et actrices du commerce \u00e9quitable \u00e0 Gen\u00e8ve nous invitent \u00e0 nous mobiliser pour favoriser une consommation qui replace l\u2019humain et l\u2019environnement au centre de nos achats.<\/p>\n<p>Dans un contexte de crise sanitaire et de profonds changements de nos modes de vie, les e-achats explosent, principalement sur les grandes plateformes de vente en ligne. La perspective des f\u00eates de fin d\u2019ann\u00e9e am\u00e8ne quant \u00e0 elle une certaine fr\u00e9n\u00e9sie d\u2019achat, soutenue par d\u2019importants rabais commerciaux, qui ont lieu \u00e0 l\u2019occasion du fameux <em>Black Friday<\/em>.<\/p>\n<p>Cette p\u00e9riode est l\u2019occasion de r\u00e9fl\u00e9chir \u00e0 notre consommation. L\u2019urgence climatique et les scandales r\u00e9p\u00e9t\u00e9s de non-respect des droits humains dans la cha\u00eene de valeur doivent nous interpeller sur notre r\u00f4le individuel, en tant que consommateur et consommatrice, notre mode de vie se faisant aux frais de populations marginalis\u00e9es des pays du Sud.<\/p>\n<p>La\u00a0passionnante table ronde du 20 novembre sera enregistr\u00e9e et disponible\u00a0<a href=\"https:\/\/youtu.be\/TZXcsXhcc6k\" target=\"_blank\" rel=\"noopener\">ici<\/a>.<\/p>\n<p><img loading=\"lazy\" decoding=\"async\" class=\"aligncenter size-large wp-image-10348\" src=\"https:\/\/www.swissfairtrade.ch\/wp-content\/uploads\/flyer-Fair-Week-basse-de\u0301finition_Seite_1-1024x731.png\" alt=\"\" width=\"1024\" height=\"731\" srcset=\"https:\/\/www.swissfairtrade.ch\/wp-content\/uploads\/flyer-Fair-Week-basse-de\u0301finition_Seite_1-1024x731.png 1024w, https:\/\/www.swissfairtrade.ch\/wp-content\/uploads\/flyer-Fair-Week-basse-de\u0301finition_Seite_1-392x280.png 392w, https:\/\/www.swissfairtrade.ch\/wp-content\/uploads\/flyer-Fair-Week-basse-de\u0301finition_Seite_1-768x548.png 768w, https:\/\/www.swissfairtrade.ch\/wp-content\/uploads\/flyer-Fair-Week-basse-de\u0301finition_Seite_1-500x357.png 500w, https:\/\/www.swissfairtrade.ch\/wp-content\/uploads\/flyer-Fair-Week-basse-de\u0301finition_Seite_1.png 1193w\" sizes=\"auto, (max-width: 1024px) 100vw, 1024px\" \/><img loading=\"lazy\" decoding=\"async\" class=\"aligncenter size-large wp-image-10351\" src=\"https:\/\/www.swissfairtrade.ch\/wp-content\/uploads\/flyer-Fair-Week-basse-de\u0301finition_Seite_2-1024x746.png\" alt=\"\" width=\"1024\" height=\"746\" srcset=\"https:\/\/www.swissfairtrade.ch\/wp-content\/uploads\/flyer-Fair-Week-basse-de\u0301finition_Seite_2-1024x746.png 1024w, https:\/\/www.swissfairtrade.ch\/wp-content\/uploads\/flyer-Fair-Week-basse-de\u0301finition_Seite_2-385x280.png 385w, https:\/\/www.swissfairtrade.ch\/wp-content\/uploads\/flyer-Fair-Week-basse-de\u0301finition_Seite_2-768x559.png 768w, https:\/\/www.swissfairtrade.ch\/wp-content\/uploads\/flyer-Fair-Week-basse-de\u0301finition_Seite_2-500x364.png 500w, https:\/\/www.swissfairtrade.ch\/wp-content\/uploads\/flyer-Fair-Week-basse-de\u0301finition_Seite_2.png 1170w\" sizes=\"auto, (max-width: 1024px) 100vw, 1024px\" \/><img loading=\"lazy\" decoding=\"async\" class=\"aligncenter size-large wp-image-10354\" src=\"https:\/\/www.swissfairtrade.ch\/wp-content\/uploads\/Table-ronde-20-nov-original-BD-731x1024.png\" alt=\"\" width=\"731\" height=\"1024\" srcset=\"https:\/\/www.swissfairtrade.ch\/wp-content\/uploads\/Table-ronde-20-nov-original-BD-731x1024.png 731w, https:\/\/www.swissfairtrade.ch\/wp-content\/uploads\/Table-ronde-20-nov-original-BD-200x280.png 200w, https:\/\/www.swissfairtrade.ch\/wp-content\/uploads\/Table-ronde-20-nov-original-BD-768x1076.png 768w, https:\/\/www.swissfairtrade.ch\/wp-content\/uploads\/Table-ronde-20-nov-original-BD-500x700.png 500w, https:\/\/www.swissfairtrade.ch\/wp-content\/uploads\/Table-ronde-20-nov-original-BD.png 886w\" sizes=\"auto, (max-width: 731px) 100vw, 731px\" \/><\/p>\n<p><a href=\"https:\/\/www.swissfairtrade.ch\/wp-content\/uploads\/flyer-Fair-Week-basse-de\u0301finition.pdf\" target=\"_blank\" rel=\"noopener\">Flyer Fair Week<\/a><\/p>\n<p><a href=\"https:\/\/www.swissfairtrade.ch\/wp-content\/uploads\/Table-ronde-20-nov-original-BD.pdf\" target=\"_blank\" rel=\"noopener\">Flyer Table ronde 20 nov<\/a><\/p>\n<\/div>\n<p>[\/vc_column_text][\/vc_column][vc_column width=\u00a0\u00bb1\/6&Prime;][\/vc_column][\/vc_row][vc_row][vc_column][vc_empty_space height=\u00a0\u00bb50px\u00a0\u00bb][vc_separator][vc_column_text]<\/p>\n<h3>Autres nouveaut\u00e9s<\/h3>\n<p>[\/vc_column_text][vc_basic_grid post_type=\u00a0\u00bbpost\u00a0\u00bb max_items=\u00a0\u00bb9&Prime; gap=\u00a0\u00bb10&Prime; item=\u00a0\u00bb5042&Prime; grid_id=\u00a0\u00bbvc_gid:1638883513573-917e57bb-98c7-9&Prime; taxonomies=\u00a0\u00bb23&Prime;][\/vc_column][\/vc_row]<\/p>\n<\/div>","protected":false},"excerpt":{"rendered":"<p>La crise climatique est injuste &#8211; ses effets sont surtout ressentis par ceux qui en sont le moins responsables. Le mouvement du commerce \u00e9quitable appelle les \u00c9tats \u00e0 respecter leurs engagements dans le cadre de l&rsquo;accord de Paris.<\/p>\n","protected":false},"author":3,"featured_media":10348,"comment_status":"closed","ping_status":"closed","sticky":false,"template":"","format":"standard","meta":{"generate_page_header":"","footnotes":"","_links_to":"","_links_to_target":""},"categories":[252],"tags":[],"class_list":["post-10342","post","type-post","status-publish","format-standard","has-post-thumbnail","hentry","category-blog-fr"],"yoast_head":"<!-- This site is optimized with the Yoast SEO plugin v26.2 - https:\/\/yoast.com\/wordpress\/plugins\/seo\/ -->\n<title>Fair week: la semaine \u00e9quitable \u00e0 Gen\u00e8ve - Swiss Fair Trade<\/title>\n<meta name=\"description\" content=\"A Gen\u00e8ve, des communes, des associations et des commerces proposent, du 20 au 27 novembre 2021, la Fair Week, pour une consommation \u00e9quitable et durable.\" \/>\n<meta name=\"robots\" content=\"index, follow, max-snippet:-1, max-image-preview:large, max-video-preview:-1\" \/>\n<link rel=\"canonical\" href=\"https:\/\/www.swissfairtrade.ch\/fr\/fair-week\/\" \/>\n<meta property=\"og:locale\" content=\"fr_FR\" \/>\n<meta property=\"og:type\" content=\"article\" \/>\n<meta property=\"og:title\" content=\"Fair week: la semaine \u00e9quitable \u00e0 Gen\u00e8ve - Swiss Fair Trade\" \/>\n<meta property=\"og:description\" content=\"A Gen\u00e8ve, des communes, des associations et des commerces proposent, du 20 au 27 novembre 2021, la Fair Week, pour une consommation \u00e9quitable et durable.\" \/>\n<meta property=\"og:url\" content=\"https:\/\/www.swissfairtrade.ch\/fr\/fair-week\/\" \/>\n<meta property=\"og:site_name\" content=\"Swiss Fair Trade\" \/>\n<meta property=\"article:published_time\" content=\"2021-11-04T08:04:22+00:00\" \/>\n<meta property=\"article:modified_time\" content=\"2021-12-07T13:26:11+00:00\" \/>\n<meta property=\"og:image\" content=\"https:\/\/www.swissfairtrade.ch\/wp-content\/uploads\/flyer-Fair-Week-basse-de\u0301finition_Seite_1.png\" \/>\n\t<meta property=\"og:image:width\" content=\"1193\" \/>\n\t<meta property=\"og:image:height\" content=\"852\" \/>\n\t<meta property=\"og:image:type\" content=\"image\/png\" \/>\n<meta name=\"author\" content=\"Swiss Fair Trade Admin\" \/>\n<meta name=\"twitter:card\" content=\"summary_large_image\" \/>\n<meta name=\"twitter:label1\" content=\"\u00c9crit par\" \/>\n\t<meta name=\"twitter:data1\" content=\"Swiss Fair Trade Admin\" \/>\n\t<meta name=\"twitter:label2\" content=\"Dur\u00e9e de lecture estim\u00e9e\" \/>\n\t<meta name=\"twitter:data2\" content=\"2 minutes\" \/>\n<script type=\"application\/ld+json\" class=\"yoast-schema-graph\">{\"@context\":\"https:\/\/schema.org\",\"@graph\":[{\"@type\":\"Article\",\"@id\":\"https:\/\/www.swissfairtrade.ch\/fr\/fair-week\/#article\",\"isPartOf\":{\"@id\":\"https:\/\/www.swissfairtrade.ch\/fr\/fair-week\/\"},\"author\":{\"name\":\"Swiss Fair Trade Admin\",\"@id\":\"https:\/\/www.swissfairtrade.ch\/it\/#\/schema\/person\/dc7912173b5d36be4048d6a648a7ed9d\"},\"headline\":\"Fair week: la semaine \u00e9quitable \u00e0 Gen\u00e8ve\",\"datePublished\":\"2021-11-04T08:04:22+00:00\",\"dateModified\":\"2021-12-07T13:26:11+00:00\",\"mainEntityOfPage\":{\"@id\":\"https:\/\/www.swissfairtrade.ch\/fr\/fair-week\/\"},\"wordCount\":334,\"publisher\":{\"@id\":\"https:\/\/www.swissfairtrade.ch\/it\/#organization\"},\"image\":{\"@id\":\"https:\/\/www.swissfairtrade.ch\/fr\/fair-week\/#primaryimage\"},\"thumbnailUrl\":\"https:\/\/www.swissfairtrade.ch\/wp-content\/uploads\/flyer-Fair-Week-basse-de\u0301finition_Seite_1.png\",\"articleSection\":[\"Blog FR\"],\"inLanguage\":\"fr-FR\"},{\"@type\":\"WebPage\",\"@id\":\"https:\/\/www.swissfairtrade.ch\/fr\/fair-week\/\",\"url\":\"https:\/\/www.swissfairtrade.ch\/fr\/fair-week\/\",\"name\":\"Fair week: la semaine \u00e9quitable \u00e0 Gen\u00e8ve - Swiss Fair Trade\",\"isPartOf\":{\"@id\":\"https:\/\/www.swissfairtrade.ch\/it\/#website\"},\"primaryImageOfPage\":{\"@id\":\"https:\/\/www.swissfairtrade.ch\/fr\/fair-week\/#primaryimage\"},\"image\":{\"@id\":\"https:\/\/www.swissfairtrade.ch\/fr\/fair-week\/#primaryimage\"},\"thumbnailUrl\":\"https:\/\/www.swissfairtrade.ch\/wp-content\/uploads\/flyer-Fair-Week-basse-de\u0301finition_Seite_1.png\",\"datePublished\":\"2021-11-04T08:04:22+00:00\",\"dateModified\":\"2021-12-07T13:26:11+00:00\",\"description\":\"A Gen\u00e8ve, des communes, des associations et des commerces proposent, du 20 au 27 novembre 2021, la Fair Week, pour une consommation \u00e9quitable et durable.\",\"breadcrumb\":{\"@id\":\"https:\/\/www.swissfairtrade.ch\/fr\/fair-week\/#breadcrumb\"},\"inLanguage\":\"fr-FR\",\"potentialAction\":[{\"@type\":\"ReadAction\",\"target\":[\"https:\/\/www.swissfairtrade.ch\/fr\/fair-week\/\"]}]},{\"@type\":\"ImageObject\",\"inLanguage\":\"fr-FR\",\"@id\":\"https:\/\/www.swissfairtrade.ch\/fr\/fair-week\/#primaryimage\",\"url\":\"https:\/\/www.swissfairtrade.ch\/wp-content\/uploads\/flyer-Fair-Week-basse-de\u0301finition_Seite_1.png\",\"contentUrl\":\"https:\/\/www.swissfairtrade.ch\/wp-content\/uploads\/flyer-Fair-Week-basse-de\u0301finition_Seite_1.png\",\"width\":1193,\"height\":852},{\"@type\":\"BreadcrumbList\",\"@id\":\"https:\/\/www.swissfairtrade.ch\/fr\/fair-week\/#breadcrumb\",\"itemListElement\":[{\"@type\":\"ListItem\",\"position\":1,\"name\":\"Home\",\"item\":\"https:\/\/www.swissfairtrade.ch\/fr\/\"},{\"@type\":\"ListItem\",\"position\":2,\"name\":\"Fair week: la semaine \u00e9quitable \u00e0 Gen\u00e8ve\"}]},{\"@type\":\"WebSite\",\"@id\":\"https:\/\/www.swissfairtrade.ch\/it\/#website\",\"url\":\"https:\/\/www.swissfairtrade.ch\/it\/\",\"name\":\"Swiss Fair Trade\",\"description\":\"\",\"publisher\":{\"@id\":\"https:\/\/www.swissfairtrade.ch\/it\/#organization\"},\"potentialAction\":[{\"@type\":\"SearchAction\",\"target\":{\"@type\":\"EntryPoint\",\"urlTemplate\":\"https:\/\/www.swissfairtrade.ch\/it\/?s={search_term_string}\"},\"query-input\":{\"@type\":\"PropertyValueSpecification\",\"valueRequired\":true,\"valueName\":\"search_term_string\"}}],\"inLanguage\":\"fr-FR\"},{\"@type\":\"Organization\",\"@id\":\"https:\/\/www.swissfairtrade.ch\/it\/#organization\",\"name\":\"Swiss Fair Trade\",\"url\":\"https:\/\/www.swissfairtrade.ch\/it\/\",\"logo\":{\"@type\":\"ImageObject\",\"inLanguage\":\"fr-FR\",\"@id\":\"https:\/\/www.swissfairtrade.ch\/it\/#\/schema\/logo\/image\/\",\"url\":\"https:\/\/www.swissfairtrade.ch\/wp-content\/uploads\/SwissFairTrade-Logo-rgb-203.51.59-web.png\",\"contentUrl\":\"https:\/\/www.swissfairtrade.ch\/wp-content\/uploads\/SwissFairTrade-Logo-rgb-203.51.59-web.png\",\"width\":130,\"height\":115,\"caption\":\"Swiss Fair Trade\"},\"image\":{\"@id\":\"https:\/\/www.swissfairtrade.ch\/it\/#\/schema\/logo\/image\/\"}},{\"@type\":\"Person\",\"@id\":\"https:\/\/www.swissfairtrade.ch\/it\/#\/schema\/person\/dc7912173b5d36be4048d6a648a7ed9d\",\"name\":\"Swiss Fair Trade Admin\",\"image\":{\"@type\":\"ImageObject\",\"inLanguage\":\"fr-FR\",\"@id\":\"https:\/\/www.swissfairtrade.ch\/it\/#\/schema\/person\/image\/\",\"url\":\"https:\/\/secure.gravatar.com\/avatar\/21706817544124caa9f21ba8a9e2bc5eb34f8e2af2ab8d077048ab89384e7c8a?s=96&d=mm&r=g\",\"contentUrl\":\"https:\/\/secure.gravatar.com\/avatar\/21706817544124caa9f21ba8a9e2bc5eb34f8e2af2ab8d077048ab89384e7c8a?s=96&d=mm&r=g\",\"caption\":\"Swiss Fair Trade Admin\"}}]}<\/script>\n<!-- \/ Yoast SEO plugin. -->","yoast_head_json":{"title":"Fair week: la semaine \u00e9quitable \u00e0 Gen\u00e8ve - Swiss Fair Trade","description":"A Gen\u00e8ve, des communes, des associations et des commerces proposent, du 20 au 27 novembre 2021, la Fair Week, pour une consommation \u00e9quitable et durable.","robots":{"index":"index","follow":"follow","max-snippet":"max-snippet:-1","max-image-preview":"max-image-preview:large","max-video-preview":"max-video-preview:-1"},"canonical":"https:\/\/www.swissfairtrade.ch\/fr\/fair-week\/","og_locale":"fr_FR","og_type":"article","og_title":"Fair week: la semaine \u00e9quitable \u00e0 Gen\u00e8ve - Swiss Fair Trade","og_description":"A Gen\u00e8ve, des communes, des associations et des commerces proposent, du 20 au 27 novembre 2021, la Fair Week, pour une consommation \u00e9quitable et durable.","og_url":"https:\/\/www.swissfairtrade.ch\/fr\/fair-week\/","og_site_name":"Swiss Fair Trade","article_published_time":"2021-11-04T08:04:22+00:00","article_modified_time":"2021-12-07T13:26:11+00:00","og_image":[{"width":1193,"height":852,"url":"https:\/\/www.swissfairtrade.ch\/wp-content\/uploads\/flyer-Fair-Week-basse-de\u0301finition_Seite_1.png","type":"image\/png"}],"author":"Swiss Fair Trade Admin","twitter_card":"summary_large_image","twitter_misc":{"\u00c9crit par":"Swiss Fair Trade Admin","Dur\u00e9e de lecture estim\u00e9e":"2 minutes"},"schema":{"@context":"https:\/\/schema.org","@graph":[{"@type":"Article","@id":"https:\/\/www.swissfairtrade.ch\/fr\/fair-week\/#article","isPartOf":{"@id":"https:\/\/www.swissfairtrade.ch\/fr\/fair-week\/"},"author":{"name":"Swiss Fair Trade Admin","@id":"https:\/\/www.swissfairtrade.ch\/it\/#\/schema\/person\/dc7912173b5d36be4048d6a648a7ed9d"},"headline":"Fair week: la semaine \u00e9quitable \u00e0 Gen\u00e8ve","datePublished":"2021-11-04T08:04:22+00:00","dateModified":"2021-12-07T13:26:11+00:00","mainEntityOfPage":{"@id":"https:\/\/www.swissfairtrade.ch\/fr\/fair-week\/"},"wordCount":334,"publisher":{"@id":"https:\/\/www.swissfairtrade.ch\/it\/#organization"},"image":{"@id":"https:\/\/www.swissfairtrade.ch\/fr\/fair-week\/#primaryimage"},"thumbnailUrl":"https:\/\/www.swissfairtrade.ch\/wp-content\/uploads\/flyer-Fair-Week-basse-de\u0301finition_Seite_1.png","articleSection":["Blog FR"],"inLanguage":"fr-FR"},{"@type":"WebPage","@id":"https:\/\/www.swissfairtrade.ch\/fr\/fair-week\/","url":"https:\/\/www.swissfairtrade.ch\/fr\/fair-week\/","name":"Fair week: la semaine \u00e9quitable \u00e0 Gen\u00e8ve - Swiss Fair Trade","isPartOf":{"@id":"https:\/\/www.swissfairtrade.ch\/it\/#website"},"primaryImageOfPage":{"@id":"https:\/\/www.swissfairtrade.ch\/fr\/fair-week\/#primaryimage"},"image":{"@id":"https:\/\/www.swissfairtrade.ch\/fr\/fair-week\/#primaryimage"},"thumbnailUrl":"https:\/\/www.swissfairtrade.ch\/wp-content\/uploads\/flyer-Fair-Week-basse-de\u0301finition_Seite_1.png","datePublished":"2021-11-04T08:04:22+00:00","dateModified":"2021-12-07T13:26:11+00:00","description":"A Gen\u00e8ve, des communes, des associations et des commerces proposent, du 20 au 27 novembre 2021, la Fair Week, pour une consommation \u00e9quitable et durable.","breadcrumb":{"@id":"https:\/\/www.swissfairtrade.ch\/fr\/fair-week\/#breadcrumb"},"inLanguage":"fr-FR","potentialAction":[{"@type":"ReadAction","target":["https:\/\/www.swissfairtrade.ch\/fr\/fair-week\/"]}]},{"@type":"ImageObject","inLanguage":"fr-FR","@id":"https:\/\/www.swissfairtrade.ch\/fr\/fair-week\/#primaryimage","url":"https:\/\/www.swissfairtrade.ch\/wp-content\/uploads\/flyer-Fair-Week-basse-de\u0301finition_Seite_1.png","contentUrl":"https:\/\/www.swissfairtrade.ch\/wp-content\/uploads\/flyer-Fair-Week-basse-de\u0301finition_Seite_1.png","width":1193,"height":852},{"@type":"BreadcrumbList","@id":"https:\/\/www.swissfairtrade.ch\/fr\/fair-week\/#breadcrumb","itemListElement":[{"@type":"ListItem","position":1,"name":"Home","item":"https:\/\/www.swissfairtrade.ch\/fr\/"},{"@type":"ListItem","position":2,"name":"Fair week: la semaine \u00e9quitable \u00e0 Gen\u00e8ve"}]},{"@type":"WebSite","@id":"https:\/\/www.swissfairtrade.ch\/it\/#website","url":"https:\/\/www.swissfairtrade.ch\/it\/","name":"Swiss Fair Trade","description":"","publisher":{"@id":"https:\/\/www.swissfairtrade.ch\/it\/#organization"},"potentialAction":[{"@type":"SearchAction","target":{"@type":"EntryPoint","urlTemplate":"https:\/\/www.swissfairtrade.ch\/it\/?s={search_term_string}"},"query-input":{"@type":"PropertyValueSpecification","valueRequired":true,"valueName":"search_term_string"}}],"inLanguage":"fr-FR"},{"@type":"Organization","@id":"https:\/\/www.swissfairtrade.ch\/it\/#organization","name":"Swiss Fair Trade","url":"https:\/\/www.swissfairtrade.ch\/it\/","logo":{"@type":"ImageObject","inLanguage":"fr-FR","@id":"https:\/\/www.swissfairtrade.ch\/it\/#\/schema\/logo\/image\/","url":"https:\/\/www.swissfairtrade.ch\/wp-content\/uploads\/SwissFairTrade-Logo-rgb-203.51.59-web.png","contentUrl":"https:\/\/www.swissfairtrade.ch\/wp-content\/uploads\/SwissFairTrade-Logo-rgb-203.51.59-web.png","width":130,"height":115,"caption":"Swiss Fair Trade"},"image":{"@id":"https:\/\/www.swissfairtrade.ch\/it\/#\/schema\/logo\/image\/"}},{"@type":"Person","@id":"https:\/\/www.swissfairtrade.ch\/it\/#\/schema\/person\/dc7912173b5d36be4048d6a648a7ed9d","name":"Swiss Fair Trade Admin","image":{"@type":"ImageObject","inLanguage":"fr-FR","@id":"https:\/\/www.swissfairtrade.ch\/it\/#\/schema\/person\/image\/","url":"https:\/\/secure.gravatar.com\/avatar\/21706817544124caa9f21ba8a9e2bc5eb34f8e2af2ab8d077048ab89384e7c8a?s=96&d=mm&r=g","contentUrl":"https:\/\/secure.gravatar.com\/avatar\/21706817544124caa9f21ba8a9e2bc5eb34f8e2af2ab8d077048ab89384e7c8a?s=96&d=mm&r=g","caption":"Swiss Fair Trade Admin"}}]}},"_links":{"self":[{"href":"https:\/\/www.swissfairtrade.ch\/fr\/wp-json\/wp\/v2\/posts\/10342","targetHints":{"allow":["GET"]}}],"collection":[{"href":"https:\/\/www.swissfairtrade.ch\/fr\/wp-json\/wp\/v2\/posts"}],"about":[{"href":"https:\/\/www.swissfairtrade.ch\/fr\/wp-json\/wp\/v2\/types\/post"}],"author":[{"embeddable":true,"href":"https:\/\/www.swissfairtrade.ch\/fr\/wp-json\/wp\/v2\/users\/3"}],"replies":[{"embeddable":true,"href":"https:\/\/www.swissfairtrade.ch\/fr\/wp-json\/wp\/v2\/comments?post=10342"}],"version-history":[{"count":0,"href":"https:\/\/www.swissfairtrade.ch\/fr\/wp-json\/wp\/v2\/posts\/10342\/revisions"}],"wp:featuredmedia":[{"embeddable":true,"href":"https:\/\/www.swissfairtrade.ch\/fr\/wp-json\/wp\/v2\/media\/10348"}],"wp:attachment":[{"href":"https:\/\/www.swissfairtrade.ch\/fr\/wp-json\/wp\/v2\/media?parent=10342"}],"wp:term":[{"taxonomy":"category","embeddable":true,"href":"https:\/\/www.swissfairtrade.ch\/fr\/wp-json\/wp\/v2\/categories?post=10342"},{"taxonomy":"post_tag","embeddable":true,"href":"https:\/\/www.swissfairtrade.ch\/fr\/wp-json\/wp\/v2\/tags?post=10342"}],"curies":[{"name":"wp","href":"https:\/\/api.w.org\/{rel}","templated":true}]}}